{"id":1060,"date":"2021-12-05T22:15:25","date_gmt":"2021-12-05T21:15:25","guid":{"rendered":"https:\/\/www.fahrradstadt-pforzheim.de\/?p=1060"},"modified":"2022-08-30T15:09:45","modified_gmt":"2022-08-30T13:09:45","slug":"familien-freundlichkeitspreis-fuehrt-filmteam-zur-critical-mass","status":"publish","type":"post","link":"https:\/\/www.fahrradstadt-pforzheim.de\/index.php\/2021\/12\/05\/familien-freundlichkeitspreis-fuehrt-filmteam-zur-critical-mass\/","title":{"rendered":"Familien-freundlichkeitspreis f\u00fchrt Filmteam zur Critical Mass"},"content":{"rendered":"\n<p>Wer im November mitgeradelt ist, hat es live mitbekommen: wir hatten im Rahmen der Auszeichnung mit dem <a rel=\"noreferrer noopener\" href=\"https:\/\/www.fahrradstadt-pforzheim.de\/index.php\/2021\/11\/21\/familienfreundlichkeitspreis-2021\/\" target=\"_blank\">Familienfreundlichkeitspreis 2021<\/a> bei der Critical Mass am 26. November 2021 Besuch von einem Filmteam von TV-BW. <\/p>\n\n\n\n<p>Herausgekommen ist ein gelungener Film \u00fcber den diesj\u00e4hrigen <a rel=\"noreferrer noopener\" href=\"https:\/\/www.familie-pforzheim.de\/familienfreundlichkeitspreis.html\" target=\"_blank\">Familienfreundlichkeitspreis<\/a> mit sch\u00f6nen Critical Mass-Bildern und Interviewaussagen von Marthe, Bastian und <a rel=\"noreferrer noopener\" href=\"https:\/\/www.pforzheim.de\/buerger\/gemeinderat\/jugendgemeinderat\/mitglieder.html\" target=\"_blank\">Jugendgemeinderat Leon Mayer<\/a> zur Zielsetzung der &#8222;Kidical Mass&#8220;. <\/p>\n\n\n\n<figure class=\"wp-block-embed is-type-video is-provider-youtube wp-block-embed-youtube wp-embed-aspect-16-9 wp-has-aspect-ratio\"><div class=\"wp-block-embed__wrapper\">\n<div class='avia-iframe-wrap'><iframe loading=\"lazy\" title=\"Familienfreundlichkeitspreis 2021 f\u00fcr die Pforzheimer &quot;Kidical Mass&quot; | Critical Mass Pforzheim\" width=\"1500\" height=\"844\" src=\"https:\/\/www.youtube.com\/embed\/H3oKl6-VerY?feature=oembed\" frameborder=\"0\" allow=\"accelerometer; autoplay; clipboard-write; encrypted-media; gyroscope; picture-in-picture\" allowfullscreen title=\"Familienfreundlichkeitspreis 2021 f\u00fcr die Pforzheimer \"Kidical Mass\" | Critical Mass Pforzheim\"><\/iframe><\/div>\n<\/div><figcaption>Familienfreundlichkeitspreis 2021 f\u00fcr die Pforzheimer &#8222;Kidical Mass&#8220;<\/figcaption><\/figure>\n\n\n\n<p>Wir bedanken uns bei der <a rel=\"noreferrer noopener\" href=\"https:\/\/www.familie-pforzheim.de\/\" target=\"_blank\">Koordinierungsstelle Familienfreundliche Stadt<\/a> der Stadt Pforzheim f\u00fcr ihre Unterst\u00fctzung und die freundliche \u00dcberlassung des Filmmaterials.<\/p>\n","protected":false},"excerpt":{"rendered":"<p>Wer im November mitgeradelt ist, hat es live mitbekommen: wir hatten im Rahmen der Auszeichnung mit dem Familienfreundlichkeitspreis 2021 bei der Critical Mass am 26. November 2021 Besuch von einem Filmteam von TV-BW. Herausgekommen ist ein gelungener Film \u00fcber den diesj\u00e4hrigen Familienfreundlichkeitspreis mit sch\u00f6nen Critical Mass-Bildern und Interviewaussagen von Marthe, Bastian und Jugendgemeinderat Leon Mayer [&hellip;]<\/p>\n","protected":false},"author":4,"featured_media":995,"comment_status":"closed","ping_status":"open","sticky":false,"template":"","format":"standard","meta":[],"categories":[1,8,4,12],"tags":[14,70,66,56,53],"_links":{"self":[{"href":"https:\/\/www.fahrradstadt-pforzheim.de\/index.php\/wp-json\/wp\/v2\/posts\/1060"}],"collection":[{"href":"https:\/\/www.fahrradstadt-pforzheim.de\/index.php\/wp-json\/wp\/v2\/posts"}],"about":[{"href":"https:\/\/www.fahrradstadt-pforzheim.de\/index.php\/wp-json\/wp\/v2\/types\/post"}],"author":[{"embeddable":true,"href":"https:\/\/www.fahrradstadt-pforzheim.de\/index.php\/wp-json\/wp\/v2\/users\/4"}],"replies":[{"embeddable":true,"href":"https:\/\/www.fahrradstadt-pforzheim.de\/index.php\/wp-json\/wp\/v2\/comments?post=1060"}],"version-history":[{"count":3,"href":"https:\/\/www.fahrradstadt-pforzheim.de\/index.php\/wp-json\/wp\/v2\/posts\/1060\/revisions"}],"predecessor-version":[{"id":1063,"href":"https:\/\/www.fahrradstadt-pforzheim.de\/index.php\/wp-json\/wp\/v2\/posts\/1060\/revisions\/1063"}],"wp:featuredmedia":[{"embeddable":true,"href":"https:\/\/www.fahrradstadt-pforzheim.de\/index.php\/wp-json\/wp\/v2\/media\/995"}],"wp:attachment":[{"href":"https:\/\/www.fahrradstadt-pforzheim.de\/index.php\/wp-json\/wp\/v2\/media?parent=1060"}],"wp:term":[{"taxonomy":"category","embeddable":true,"href":"https:\/\/www.fahrradstadt-pforzheim.de\/index.php\/wp-json\/wp\/v2\/categories?post=1060"},{"taxonomy":"post_tag","embeddable":true,"href":"https:\/\/www.fahrradstadt-pforzheim.de\/index.php\/wp-json\/wp\/v2\/tags?post=1060"}],"curies":[{"name":"wp","href":"https:\/\/api.w.org\/{rel}","templated":true}]}}