{"id":1183,"date":"2022-03-06T22:54:07","date_gmt":"2022-03-06T21:54:07","guid":{"rendered":"https:\/\/www.fahrradstadt-pforzheim.de\/?p=1183"},"modified":"2022-08-30T15:08:59","modified_gmt":"2022-08-30T13:08:59","slug":"weltfrauentag2022","status":"publish","type":"post","link":"https:\/\/www.fahrradstadt-pforzheim.de\/index.php\/2022\/03\/06\/weltfrauentag2022\/","title":{"rendered":"Zum Weltfrauentag: Fahrrad, Emanzipation und gendergerechte Stadtplanung"},"content":{"rendered":"\n<p>Als Frau mit dem Fahrrad unterwegs zu sein, ob als Fortbewegungsmittel im Alltag oder als Sportger\u00e4t: Das ist f\u00fcr uns eine Selbstverst\u00e4ndlichkeit. Dass das nicht immer so war und selbst im 21. Jahrhundert noch nicht \u00fcberall auf der Welt so ist, zeigt dieser spannende <a rel=\"noreferrer noopener\" href=\"https:\/\/www.arte.tv\/de\/videos\/100170-044-A\/flick-flack\/\" data-type=\"URL\" data-id=\"https:\/\/www.arte.tv\/de\/videos\/100170-044-A\/flick-flack\/\" target=\"_blank\">Filmbeitrag<\/a>.<\/p>\n\n\n\n<iframe loading=\"lazy\" allowfullscreen=\"true\" style=\"transition-duration:0;transition-property:no;margin:0 auto;position:relative;display:block;background-color:#000000;\" scrolling=\"no\" src=\"https:\/\/www.arte.tv\/player\/v6\/index.php?json_url=https%3A%2F%2Fapi.arte.tv%2Fapi%2Fplayer%2Fv2%2Fconfig%2Fde%2F100170-044-A&amp;lang=de&amp;autoplay=false&amp;mute=0&amp;previewData=%7B%22title%22%3A%22Flick%20Flack%22%2C%22subtitle%22%3A%22Mit%20dem%20Fahrrad%20in%20die%20Emanzipation%22%2C%22image%22%3A%22https%3A%2F%2Fapi-cdn.arte.tv%2Fapi%2Fmami%2Fv1%2Fprogram%2Fde%2F100170-044-A%2F940x530%3Fts%3D1345845600%22%7D\" width=\"100%\" height=\"100%\" frameborder=\"0\"><\/iframe>\n\n\n\n<p>Tats\u00e4chlich m\u00fcssen wir uns nur einmal auf den Pforzheimer Stra\u00dfen umsehen, um festzustellen: Ganz so selbstverst\u00e4ndlich sind Frauen auf dem Fahrrad noch immer nicht. Bei der monatlichen Critical Mass sind die Fahrradfahrerinnen bisher in der Unterzahl und auch bei unserem Fahrradparcours zum <a href=\"https:\/\/www.fahrradstadt-pforzheim.de\/index.php\/2021\/10\/06\/aktion-zum-welt-maedchentag-am-9-oktober\/\" data-type=\"URL\" data-id=\"https:\/\/www.fahrradstadt-pforzheim.de\/index.php\/2021\/10\/06\/aktion-zum-welt-maedchentag-am-9-oktober\/\" target=\"_blank\" rel=\"noreferrer noopener\">Weltm\u00e4dchentag<\/a> im Herbst 2021 bemerkten wir, dass viele der M\u00e4dchen mit Begeisterung Fahrrad fahren, aber kein eigenes Fahrrad zur Verf\u00fcgung haben.<\/p>\n\n\n\n<p>Das Fahrrad ist also nicht nur ein praktisches Fortbewegungsmittel, sondern auch ein Symbol f\u00fcr Freiheit, Selbstbestimmtheit und Gleichberechtigung. Dieser Idee folgend, organisierten Pinar Pinzuti und Sema G\u00fcr 2013 in Izmir den ersten <a rel=\"noreferrer noopener\" href=\"https:\/\/www.suslukadinlarbisikletturu.com\/en\/\" data-type=\"URL\" data-id=\"https:\/\/www.suslukadinlarbisikletturu.com\/en\/\" target=\"_blank\"><strong>Fancy Women Bike Ride<\/strong><\/a>, um Frauen zu ermutigen, in einem sicheren Umfeld und ohne jeden sportlichen Wettkampfcharakter aufs Fahrrad zu steigen. Was mit 300 Fahrradfahrerinnen begann, entwickelte sich in den folgenden Jahren von der T\u00fcrkei aus zu einer weltweiten Bewegung und <a rel=\"noreferrer noopener\" href=\"https:\/\/www.instagram.com\/pinarpinzuti\/\" target=\"_blank\">Pinar Pinzuti<\/a> ist mittlerweile eine international gefragte Expertin auf dem Gebiet.<\/p>\n\n\n\n<p>Pforzheim ist eine von zehn deutschen St\u00e4dten, in denen der Fancy Women Bike Ride bisher stattfand. Nach zwei gelungenen Veranstaltungen in den Jahren <a rel=\"noreferrer noopener\" href=\"https:\/\/www.fahrradstadt-pforzheim.de\/index.php\/2020\/09\/20\/fancy-women-bike-ride\/\" data-type=\"URL\" data-id=\"https:\/\/www.fahrradstadt-pforzheim.de\/index.php\/2020\/09\/20\/fancy-women-bike-ride\/\" target=\"_blank\">2020<\/a> und <a rel=\"noreferrer noopener\" href=\"https:\/\/www.fahrradstadt-pforzheim.de\/index.php\/2021\/09\/09\/fancy-women-bike-ride-2021\/\" data-type=\"URL\" data-id=\"https:\/\/www.fahrradstadt-pforzheim.de\/index.php\/2021\/09\/09\/fancy-women-bike-ride-2021\/\" target=\"_blank\">2021<\/a> werden wir auch in diesem Jahr wieder unsere Fahrr\u00e4der mit Blumen schm\u00fccken, unsere sch\u00f6nsten Kleider aus dem Schrank holen und zeigen, dass die Stra\u00dfen in Pforzheim und auf der ganzen Welt auch uns Fahrradfahrerinnen geh\u00f6ren. Liebe Pforzheimerinnen, merkt euch schon einmal den <strong>18. September 2022<\/strong> vor. Folgt uns bis dahin gerne bei <a rel=\"noreferrer noopener\" href=\"https:\/\/www.instagram.com\/fancywomenbikeridepforzheim\/?hl=de\" data-type=\"URL\" data-id=\"https:\/\/www.instagram.com\/fancywomenbikeridepforzheim\/?hl=de\" target=\"_blank\">Instagram<\/a> oder kommt einfach bei der n\u00e4chsten <a href=\"https:\/\/www.fahrradstadt-pforzheim.de\/index.php\/category\/critical-mass\/\" target=\"_blank\" rel=\"noreferrer noopener\">Critical Mass<\/a> vorbei. Wir freuen uns jetzt schon darauf!<\/p>\n\n\n\n<blockquote class=\"wp-block-quote\"><p>Merkt euch schon einmal den 18. September 2022 f\u00fcr den Fancy Women Bike Ride vor!<\/p><\/blockquote>\n\n\n\n<p>Aktionen wie der Fancy Women Bike Ride sind ein Ansatz, um mehr Frauen an das Thema Radfahren heranzuf\u00fchren. Damit sie ihr Fahrrad ganz selbstverst\u00e4ndlich in ihren Alltag integrieren, ist jedoch ein gut ausgebautes Netz von baulich getrennten Radwegen erforderlich, auf denen sich auch unge\u00fcbte Radfahrerinnen sicher fortbewegen k\u00f6nnen.<\/p>\n\n\n\n<p>F\u00fcr eine echte Gleichberechtigung m\u00fcssen au\u00dferdem die altbekannten Konzepte der Stadtplanung neu \u00fcberdacht werden. Denn unsere St\u00e4dte wurden urspr\u00fcnglich von M\u00e4nnern und f\u00fcr M\u00e4nner geplant: Morgens mit dem Auto auf direktem Weg zur Arbeit, abends auf demselben Weg zur\u00fcck. Menschen, die Care-Arbeit leisten, also Kinderbetreuung, Pflege und Haushalt organisieren und gleichzeitig einer Erwerbst\u00e4tigkeit nachgehen, haben ganz andere Bewegungsmuster im Alltag. Und das sind bis heute \u00fcberwiegend Frauen. In gendergerecht geplanten St\u00e4dten werden die sozialen Rollen ihrer Einwohnerinnen und Einwohner differenziert betrachtet und ihre jeweiligen Bed\u00fcrfnisse in der Planung ber\u00fccksichtigt. Einen kurzen Einblick, wie so etwas in der Praxis aussehen kann, gibt der folgende Podcast am Beispiel der Stadt Wien:<\/p>\n\n\n\n<figure class=\"wp-block-embed is-type-wp-embed is-provider-detektor-fm wp-block-embed-detektor-fm\"><div class=\"wp-block-embed__wrapper\">\n<div class='avia-iframe-wrap'><iframe class=\"wp-embedded-content\" sandbox=\"allow-scripts\" security=\"restricted\" title=\"&#8222;Zur\u00fcck zum Thema | Gendergerechtigkeit in der Stadt&#8220; &#8212; detektor.fm\" src=\"https:\/\/detektor.fm\/gesellschaft\/zurueck-zum-thema-gendergerechtigkeit-staedteplanung\/embed#?secret=Q5G4n9Vbrw\" data-secret=\"Q5G4n9Vbrw\" width=\"100%\" height=\"230\" frameborder=\"0\" marginwidth=\"0\" marginheight=\"0\" scrolling=\"no\"><\/iframe><\/div>\n<\/div><\/figure>\n\n\n\n<p>Aktuelle Infos zum Fancy Women Bike Ride unter:<\/p>\n\n\n\n<ul class=\"wp-block-social-links is-style-logos-only\"><li class=\"wp-social-link wp-social-link-instagram wp-block-social-link\"><a href=\"https:\/\/www.instagram.com\/fancywomenbikeridepforzheim\/\" aria-label=\"Instagram: https:\/\/www.instagram.com\/fancywomenbikeridepforzheim\/\"  class=\"wp-block-social-link-anchor\"> <svg width=\"24\" height=\"24\" viewBox=\"0 0 24 24\" version=\"1.1\" xmlns=\"http:\/\/www.w3.org\/2000\/svg\" role=\"img\" aria-hidden=\"true\" focusable=\"false\"><path d=\"M12,4.622c2.403,0,2.688,0.009,3.637,0.052c0.877,0.04,1.354,0.187,1.671,0.31c0.42,0.163,0.72,0.358,1.035,0.673 c0.315,0.315,0.51,0.615,0.673,1.035c0.123,0.317,0.27,0.794,0.31,1.671c0.043,0.949,0.052,1.234,0.052,3.637 s-0.009,2.688-0.052,3.637c-0.04,0.877-0.187,1.354-0.31,1.671c-0.163,0.42-0.358,0.72-0.673,1.035 c-0.315,0.315-0.615,0.51-1.035,0.673c-0.317,0.123-0.794,0.27-1.671,0.31c-0.949,0.043-1.233,0.052-3.637,0.052 s-2.688-0.009-3.637-0.052c-0.877-0.04-1.354-0.187-1.671-0.31c-0.42-0.163-0.72-0.358-1.035-0.673 c-0.315-0.315-0.51-0.615-0.673-1.035c-0.123-0.317-0.27-0.794-0.31-1.671C4.631,14.688,4.622,14.403,4.622,12 s0.009-2.688,0.052-3.637c0.04-0.877,0.187-1.354,0.31-1.671c0.163-0.42,0.358-0.72,0.673-1.035 c0.315-0.315,0.615-0.51,1.035-0.673c0.317-0.123,0.794-0.27,1.671-0.31C9.312,4.631,9.597,4.622,12,4.622 M12,3 C9.556,3,9.249,3.01,8.289,3.054C7.331,3.098,6.677,3.25,6.105,3.472C5.513,3.702,5.011,4.01,4.511,4.511 c-0.5,0.5-0.808,1.002-1.038,1.594C3.25,6.677,3.098,7.331,3.054,8.289C3.01,9.249,3,9.556,3,12c0,2.444,0.01,2.751,0.054,3.711 c0.044,0.958,0.196,1.612,0.418,2.185c0.23,0.592,0.538,1.094,1.038,1.594c0.5,0.5,1.002,0.808,1.594,1.038 c0.572,0.222,1.227,0.375,2.185,0.418C9.249,20.99,9.556,21,12,21s2.751-0.01,3.711-0.054c0.958-0.044,1.612-0.196,2.185-0.418 c0.592-0.23,1.094-0.538,1.594-1.038c0.5-0.5,0.808-1.002,1.038-1.594c0.222-0.572,0.375-1.227,0.418-2.185 C20.99,14.751,21,14.444,21,12s-0.01-2.751-0.054-3.711c-0.044-0.958-0.196-1.612-0.418-2.185c-0.23-0.592-0.538-1.094-1.038-1.594 c-0.5-0.5-1.002-0.808-1.594-1.038c-0.572-0.222-1.227-0.375-2.185-0.418C14.751,3.01,14.444,3,12,3L12,3z M12,7.378 c-2.552,0-4.622,2.069-4.622,4.622S9.448,16.622,12,16.622s4.622-2.069,4.622-4.622S14.552,7.378,12,7.378z M12,15 c-1.657,0-3-1.343-3-3s1.343-3,3-3s3,1.343,3,3S13.657,15,12,15z M16.804,6.116c-0.596,0-1.08,0.484-1.08,1.08 s0.484,1.08,1.08,1.08c0.596,0,1.08-0.484,1.08-1.08S17.401,6.116,16.804,6.116z\"><\/path><\/svg><\/a><\/li>\n\n<\/ul>\n","protected":false},"excerpt":{"rendered":"<p>Als Frau mit dem Fahrrad unterwegs zu sein, ob als Fortbewegungsmittel im Alltag oder als Sportger\u00e4t: Das ist f\u00fcr uns eine Selbstverst\u00e4ndlichkeit. Dass das nicht immer so war und selbst im 21. Jahrhundert noch nicht \u00fcberall auf der Welt so ist, zeigt dieser spannende Filmbeitrag. Tats\u00e4chlich m\u00fcssen wir uns nur einmal auf den Pforzheimer Stra\u00dfen [&hellip;]<\/p>\n","protected":false},"author":9,"featured_media":1204,"comment_status":"closed","ping_status":"open","sticky":false,"template":"","format":"standard","meta":[],"categories":[7,79,4],"tags":[81,32,80,78,40],"_links":{"self":[{"href":"https:\/\/www.fahrradstadt-pforzheim.de\/index.php\/wp-json\/wp\/v2\/posts\/1183"}],"collection":[{"href":"https:\/\/www.fahrradstadt-pforzheim.de\/index.php\/wp-json\/wp\/v2\/posts"}],"about":[{"href":"https:\/\/www.fahrradstadt-pforzheim.de\/index.php\/wp-json\/wp\/v2\/types\/post"}],"author":[{"embeddable":true,"href":"https:\/\/www.fahrradstadt-pforzheim.de\/index.php\/wp-json\/wp\/v2\/users\/9"}],"replies":[{"embeddable":true,"href":"https:\/\/www.fahrradstadt-pforzheim.de\/index.php\/wp-json\/wp\/v2\/comments?post=1183"}],"version-history":[{"count":18,"href":"https:\/\/www.fahrradstadt-pforzheim.de\/index.php\/wp-json\/wp\/v2\/posts\/1183\/revisions"}],"predecessor-version":[{"id":1592,"href":"https:\/\/www.fahrradstadt-pforzheim.de\/index.php\/wp-json\/wp\/v2\/posts\/1183\/revisions\/1592"}],"wp:featuredmedia":[{"embeddable":true,"href":"https:\/\/www.fahrradstadt-pforzheim.de\/index.php\/wp-json\/wp\/v2\/media\/1204"}],"wp:attachment":[{"href":"https:\/\/www.fahrradstadt-pforzheim.de\/index.php\/wp-json\/wp\/v2\/media?parent=1183"}],"wp:term":[{"taxonomy":"category","embeddable":true,"href":"https:\/\/www.fahrradstadt-pforzheim.de\/index.php\/wp-json\/wp\/v2\/categories?post=1183"},{"taxonomy":"post_tag","embeddable":true,"href":"https:\/\/www.fahrradstadt-pforzheim.de\/index.php\/wp-json\/wp\/v2\/tags?post=1183"}],"curies":[{"name":"wp","href":"https:\/\/api.w.org\/{rel}","templated":true}]}}