{"id":1313,"date":"2022-05-18T22:15:38","date_gmt":"2022-05-18T20:15:38","guid":{"rendered":"https:\/\/www.fahrradstadt-pforzheim.de\/?p=1313"},"modified":"2022-06-20T21:49:43","modified_gmt":"2022-06-20T19:49:43","slug":"stadtradeln-2022","status":"publish","type":"post","link":"https:\/\/www.fahrradstadt-pforzheim.de\/index.php\/2022\/05\/18\/stadtradeln-2022\/","title":{"rendered":"Stadtradeln 2022"},"content":{"rendered":"\n<p>Fast w\u00e4re es angesichts der nicht gerade \u00fcppigen Werbema\u00dfnahmen auch an uns vorbeigegangen: Pforzheim ist gemeinsam mit dem Enzkreis schon am 13.05. in die STADTRADELN-Saison 2022 gestartet. Wer will, kann noch bis zum 02.06. mitradeln und Kilometer sammeln &#8211; gerne in unserem offenen Critical Mass-Team oder besser noch zusammen mit Freunden, Nachbarschaft oder Kollegen*innen f\u00fcr ein von euch selbst gegr\u00fcndetes Team. <\/p>\n\n\n\n<p>Wenn noch nicht geschehen, meldet euch daher am besten gleich an unter <a rel=\"noreferrer noopener\" href=\"https:\/\/www.stadtradeln.de\/pforzheim\" target=\"_blank\">https:\/\/www.stadtradeln.de\/pforzheim<\/a>. Wenn ihr <a rel=\"noreferrer noopener\" href=\"https:\/\/www.fahrradstadt-pforzheim.de\/index.php\/2021\/10\/18\/auch-stadtradeln-zeigt-pforzheim-radelt-immer-mehr\/\" target=\"_blank\">letztes Jahr<\/a> schon mitgemacht habt, k\u00f6nnt ihr mit wenigen Schritten euer STADTRADELN-Profil von 2021 reaktivieren.<\/p>\n\n\n\n<p><strong>Was ist STADTRADELN?<\/strong><\/p>\n\n\n\n<blockquote class=\"wp-block-quote\"><p>STADTRADELN ist ein Wettbewerb, bei dem es darum geht, 21 Tage lang m\u00f6glichst viele Alltagswege klimafreundlich mit dem Fahrrad zur\u00fcckzulegen. Dabei ist es egal, ob du bereits jeden Tag f\u00e4hrst oder bisher eher selten mit dem Rad unterwegs bist. Jeder Kilometer z\u00e4hlt \u2013 erst recht wenn du ihn sonst mit dem Auto zur\u00fcckgelegt h\u00e4ttest.<\/p><cite>Fortsetzung und ausf\u00fchrliche Beschreibung auf <a rel=\"noreferrer noopener\" href=\"https:\/\/www.stadtradeln.de\/darum-geht-es\" target=\"_blank\">stadtradeln.de<\/a><\/cite><\/blockquote>\n\n\n\n<p>Bei der Mitmachaktion (Spielregeln <a rel=\"noreferrer noopener\" href=\"https:\/\/www.stadtradeln.de\/spielregeln#c19849\" target=\"_blank\">hier<\/a> nachzulesen) geht es darum, aufzuzeigen, wie viele Menschen bereits mit dem Fahrrad unterwegs sind. Aus Pforzheimer Sicht deutlich wichtiger ist allerdings: Wir k\u00f6nnen mit der Teilnahme an STADTRADELN und der <a rel=\"noreferrer noopener\" href=\"https:\/\/www.stadtradeln.de\/app\" target=\"_blank\">STADTRADELN-App<\/a> f\u00fcr Verkehrsplanung und Politik dokumentieren, wo es in Pforzheim und Umgebung nach wie vor noch an der erforderlichen Radinfrastruktur fehlt, die wir (und vor allem unsere Kinder) brauchen, um schnell und sicher ans Ziel kommen.<\/p>\n\n\n\n<blockquote class=\"wp-block-quote\"><p>Letztes Jahr konnten wir die Ergebnisse zum Vorjahr sowohl mit Blick auf die Zahl der Teilnehmenden als auch auf die geradelten Kilometer deutlich verbessern. Dieses Jahr hei\u00dft es, an diese Erfolge anzukn\u00fcpfen und erneut flei\u00dfig in die Pedale zu treten.<\/p><cite>Baub\u00fcrgermeisterin Sibylle Sch\u00fcssler &#8211; Quelle: Artikel <a rel=\"noreferrer noopener\" href=\"https:\/\/bnn.de\/pforzheim\/enzkreis\/teilnehmer-aus-pforzheim-und-dem-enzkreis-treten-fuer-die-aktion-stadtradeln-in-die-pedale\" target=\"_blank\">&#8222;Teilnehmer aus Pforzheim und dem Enzkreis treten f\u00fcr die Aktion Stadtradeln in die Pedale&#8220;<\/a> <em>von Torsten Ochs<\/em> vom 03.05.2022  auf bnn.de<\/cite><\/blockquote>\n\n\n\n<p><em>Frau Sch\u00fcsslers Appell schlie\u00dfen wir uns gerne an und radeln unseren Beitrag &#8211; neben mehr geradelten Kilometern w\u00fcnschen wir uns f\u00fcr die Fahrradstadt aber vor allem dringend mehr <a href=\"https:\/\/www.fahrradstadt-pforzheim.de\/index.php\/2022\/05\/06\/fahrradstadt-pforzheim\/\" target=\"_blank\" rel=\"noreferrer noopener\">sichere Radwegkilometer<\/a>!<\/em><\/p>\n","protected":false},"excerpt":{"rendered":"<p>Fast w\u00e4re es angesichts der nicht gerade \u00fcppigen Werbema\u00dfnahmen auch an uns vorbeigegangen: Pforzheim ist gemeinsam mit dem Enzkreis schon am 13.05. in die STADTRADELN-Saison 2022 gestartet. Wer will, kann noch bis zum 02.06. mitradeln und Kilometer sammeln &#8211; gerne in unserem offenen Critical Mass-Team oder besser noch zusammen mit Freunden, Nachbarschaft oder Kollegen*innen f\u00fcr [&hellip;]<\/p>\n","protected":false},"author":4,"featured_media":1314,"comment_status":"closed","ping_status":"open","sticky":false,"template":"","format":"standard","meta":[],"categories":[7,57,4],"tags":[67,68],"_links":{"self":[{"href":"https:\/\/www.fahrradstadt-pforzheim.de\/index.php\/wp-json\/wp\/v2\/posts\/1313"}],"collection":[{"href":"https:\/\/www.fahrradstadt-pforzheim.de\/index.php\/wp-json\/wp\/v2\/posts"}],"about":[{"href":"https:\/\/www.fahrradstadt-pforzheim.de\/index.php\/wp-json\/wp\/v2\/types\/post"}],"author":[{"embeddable":true,"href":"https:\/\/www.fahrradstadt-pforzheim.de\/index.php\/wp-json\/wp\/v2\/users\/4"}],"replies":[{"embeddable":true,"href":"https:\/\/www.fahrradstadt-pforzheim.de\/index.php\/wp-json\/wp\/v2\/comments?post=1313"}],"version-history":[{"count":3,"href":"https:\/\/www.fahrradstadt-pforzheim.de\/index.php\/wp-json\/wp\/v2\/posts\/1313\/revisions"}],"predecessor-version":[{"id":1317,"href":"https:\/\/www.fahrradstadt-pforzheim.de\/index.php\/wp-json\/wp\/v2\/posts\/1313\/revisions\/1317"}],"wp:featuredmedia":[{"embeddable":true,"href":"https:\/\/www.fahrradstadt-pforzheim.de\/index.php\/wp-json\/wp\/v2\/media\/1314"}],"wp:attachment":[{"href":"https:\/\/www.fahrradstadt-pforzheim.de\/index.php\/wp-json\/wp\/v2\/media?parent=1313"}],"wp:term":[{"taxonomy":"category","embeddable":true,"href":"https:\/\/www.fahrradstadt-pforzheim.de\/index.php\/wp-json\/wp\/v2\/categories?post=1313"},{"taxonomy":"post_tag","embeddable":true,"href":"https:\/\/www.fahrradstadt-pforzheim.de\/index.php\/wp-json\/wp\/v2\/tags?post=1313"}],"curies":[{"name":"wp","href":"https:\/\/api.w.org\/{rel}","templated":true}]}}