{"id":1405,"date":"2022-06-20T09:58:47","date_gmt":"2022-06-20T07:58:47","guid":{"rendered":"https:\/\/www.fahrradstadt-pforzheim.de\/?p=1405"},"modified":"2022-08-30T15:06:14","modified_gmt":"2022-08-30T13:06:14","slug":"stadtverwaltung-bewusstlos","status":"publish","type":"post","link":"https:\/\/www.fahrradstadt-pforzheim.de\/index.php\/2022\/06\/20\/stadtverwaltung-bewusstlos\/","title":{"rendered":"Stadtverwaltung bewusstlos?"},"content":{"rendered":"\n<p>Wer heute (20.6.2022) im Internet Zeitung liest, st\u00f6sst auf eine Anzeige des BMWK: &#8222;Danke, dass Ihr Eure Klimaanlage 2\u00b0 C h\u00f6her dreht&#8220;. <\/p>\n\n\n\n<p>Darauf haben wir schon lange gewartet: Alle Kan\u00e4le und Plakatw\u00e4nde sind voll mit Werbung. Werbung f\u00fcr Autos, Werbung f\u00fcr Billigklamotten, Werbung f\u00fcr Gartenpools. Werbung f\u00fcr Konsum und immer mehr Konsum. Erstaunlicherweise wird selten thematisiert, wie gro\u00df der Widerspruch ist zwischen der Kommunikation im \u00f6ffentlichen Raum und unseren &#8211; richtig verstandenen &#8211; gesellschaftlichen Bed\u00fcrfnissen. Ein Verbot von Werbung f\u00fcr CO2 intensive Produkte analog des Verbots der Zigarettenwerbung wird denn auch nicht einmal ansatzweise \u00f6ffenlich diskutiert. Schliesslich sind es ja dieselben Medien, die diese Diskussionsbeitr\u00e4ge bringen m\u00fcssten, die auch von den Werbemillionen der Industrie leben, welche die CO2 intensiven  Produkte produziert.<\/p>\n\n\n\n<p>Aber kann man nicht wenigstens einen Gang tiefer schalten? Einwirken auf die Beamten und Angestellten, die wir mit unserem Steuergeld finanzieren, ein klein wenig mehr \u00fcber den Aktendeckel zu schauen? \u00d6ffentliche Werbung f\u00fcr umweltfreudliches Verhalten statt mutloses hin- und herlavieren wenn das Benzin tats\u00e4chlich mal teurer wird? Das macht die heutige Anzeige. BMWK steht f\u00fcr &#8222;Bundesministerium f\u00fcr Wirtschaft und Klima&#8220;. <a rel=\"noreferrer noopener\" href=\"https:\/\/www.energiewechsel.de\/KAENEF\/Navigation\/DE\/Thema\/energiespartipps.html?etcc_cmp=energiewechsel&amp;etcc_med=display&amp;etcc_par=mediaplus&amp;etcc_ctv=klimaanlage\" target=\"_blank\">Die Anzeige wirbt f\u00fcr&#8217;s Energiesparen<\/a>. Man muss sich das auf der Zunge zergehen lassen: Ein Ministerium wirbt f\u00fcr ein weniger an Konsum und Bequemlichkeit. Kein &#8222;bitte bitte nehmt unser Geld und kauft oder baut Dinge, die potentiell in Zukunft weniger Energie verbrauchen&#8220;. Sondern einfach &#8222;Leute, spart Energie&#8220;. Und das mit einer richtig guten Werbekampagne. Kein &#8222;nach uns die Sintflut&#8220; mehr. Ein mutiger Schritt einer Verwaltung. So kann es gehen.<\/p>\n\n\n\n<p>Womit wir bei unserer Pforzheimer Stadtverwaltung w\u00e4ren. Die Stadtverwaltung, die immer noch Strassen plant, ohne den  Radverkehr mit zu ber\u00fccksichtigen. Die Stadtverwaltung, die sich bei jedem Parkplatz in die Hose macht, der einem Radweg  weichen soll. Die Stadtverwaltung, die immer noch Geld verlangt f\u00fcr die Sondernutzung von Parkraum durch Carsharinganbieter, obwohl jedes Carsharing-Auto mindestens 5 Autos in Privatbesitz einspart. Die Stadtverwaltung, die stolz auf die Br\u00f6tchentaste ist. Die Stadtverwaltung, deren Sachgebiet  &#8222;Klimaschutz&#8220; im Namen einer Klimapartnerschaft mit Tansania  <a rel=\"noreferrer noopener\" href=\"https:\/\/www.klimaschutz-pforzheim.de\/ziele\/klimapartnerschaft.html\" target=\"_blank\">ihr Personal nach Afrika und wieder zur\u00fcck fliegt. <\/a>FLIEGT! IM NAMEN DES KLIMAS!!! <\/p>\n\n\n\n<p>Offensichtlich ist hier Kommunikation erforderlich. Ans\u00e4tze sind vorhanden. So hat die Stadtverwaltung zum Beispiel einen vier- bis f\u00fcnfstelligen Betrag daf\u00fcr ausgegeben, um ein <a rel=\"noreferrer noopener\" href=\"https:\/\/buergerinfo.pforzheim.de\/allris.net.asp\" target=\"_blank\">Klimafolgenanpassungskonzept <\/a>erarbeiten zu lassen, und dieses dem Gemeinderat zu  pr\u00e4sentieren. Zitat aus der vorletzten Folie der Pr\u00e4sentation dieses Konzepts in der Sitzung des Planungs- und Umweltausschusses vom 1. Juni 2022 unter der \u00dcberschrift &#8222;Weitere Ma\u00dfnahmen f\u00fcr Pforzheim&#8220;:<\/p>\n\n\n\n<ul><li>&#8222;Medienkampagne &#8211; Klimaanpassung in Pforzheim&#8220;<\/li><li>Bewusstseinsbildung in der Verwaltung <\/li><\/ul>\n\n\n\n<p>Obige Beispiele legen nahe, dass der Verwaltung tats\u00e4chlich das Bewusstsein fehlen k\u00f6nnte. Der Forderung, dieses nunmehr zu bilden, schliessen wir uns an. Und wenn das Bewusstsein dann gebildet ist, kommt die Medienkampagne &#8222;Leute fahrt mehr Rad&#8220; von ganz alleine: <\/p>\n\n\n\n<ul><li>Ihr steht nicht im Stau, Ihr seid der Stau<\/li><li>Mit dem Fahrrad w\u00e4rt ihr schon am Ziel<\/li><li>Hinter dem Lenkrad kann man nur schwer freundlich gr\u00fc\u00dfen<\/li><li>Ohne sichere Radwege traut Ihr Euch nicht auf&#8217;s Rad? Leute, fahrt mit bei der Critical Mass! <\/li><\/ul>\n\n\n\n<p><\/p>\n","protected":false},"excerpt":{"rendered":"<p>Wer heute (20.6.2022) im Internet Zeitung liest, st\u00f6sst auf eine Anzeige des BMWK: &#8222;Danke, dass Ihr Eure Klimaanlage 2\u00b0 C h\u00f6her dreht&#8220;. Darauf haben wir schon lange gewartet: Alle Kan\u00e4le und Plakatw\u00e4nde sind voll mit Werbung. Werbung f\u00fcr Autos, Werbung f\u00fcr Billigklamotten, Werbung f\u00fcr Gartenpools. Werbung f\u00fcr Konsum und immer mehr Konsum. Erstaunlicherweise wird selten [&hellip;]<\/p>\n","protected":false},"author":7,"featured_media":1406,"comment_status":"closed","ping_status":"open","sticky":false,"template":"","format":"standard","meta":[],"categories":[1,12],"tags":[63,23,85,48],"_links":{"self":[{"href":"https:\/\/www.fahrradstadt-pforzheim.de\/index.php\/wp-json\/wp\/v2\/posts\/1405"}],"collection":[{"href":"https:\/\/www.fahrradstadt-pforzheim.de\/index.php\/wp-json\/wp\/v2\/posts"}],"about":[{"href":"https:\/\/www.fahrradstadt-pforzheim.de\/index.php\/wp-json\/wp\/v2\/types\/post"}],"author":[{"embeddable":true,"href":"https:\/\/www.fahrradstadt-pforzheim.de\/index.php\/wp-json\/wp\/v2\/users\/7"}],"replies":[{"embeddable":true,"href":"https:\/\/www.fahrradstadt-pforzheim.de\/index.php\/wp-json\/wp\/v2\/comments?post=1405"}],"version-history":[{"count":16,"href":"https:\/\/www.fahrradstadt-pforzheim.de\/index.php\/wp-json\/wp\/v2\/posts\/1405\/revisions"}],"predecessor-version":[{"id":1439,"href":"https:\/\/www.fahrradstadt-pforzheim.de\/index.php\/wp-json\/wp\/v2\/posts\/1405\/revisions\/1439"}],"wp:featuredmedia":[{"embeddable":true,"href":"https:\/\/www.fahrradstadt-pforzheim.de\/index.php\/wp-json\/wp\/v2\/media\/1406"}],"wp:attachment":[{"href":"https:\/\/www.fahrradstadt-pforzheim.de\/index.php\/wp-json\/wp\/v2\/media?parent=1405"}],"wp:term":[{"taxonomy":"category","embeddable":true,"href":"https:\/\/www.fahrradstadt-pforzheim.de\/index.php\/wp-json\/wp\/v2\/categories?post=1405"},{"taxonomy":"post_tag","embeddable":true,"href":"https:\/\/www.fahrradstadt-pforzheim.de\/index.php\/wp-json\/wp\/v2\/tags?post=1405"}],"curies":[{"name":"wp","href":"https:\/\/api.w.org\/{rel}","templated":true}]}}