{"id":1559,"date":"2022-08-29T19:12:35","date_gmt":"2022-08-29T17:12:35","guid":{"rendered":"https:\/\/www.fahrradstadt-pforzheim.de\/?p=1559"},"modified":"2022-10-23T21:36:26","modified_gmt":"2022-10-23T19:36:26","slug":"parking-day-2022","status":"publish","type":"post","link":"https:\/\/www.fahrradstadt-pforzheim.de\/index.php\/2022\/08\/29\/parking-day-2022\/","title":{"rendered":"PARK(ING) DAY 2022"},"content":{"rendered":"\n<p>Zur Abwechslung wollen wir am 16.9. ab 15 Uhr einmal selber die Stadt vollparken: mit Kaffeetischen, Stra\u00dfenkreidespielen, Schaukelst\u00fchlen, Campingdecken etc. Zum Kaffeetrinken, Entspannen, Spielen oder Freunde treffen. Mal schauen, wozu 12 qm Stra\u00dfenraum so alles gebraucht werden k\u00f6nnen.<\/p>\n\n\n\n<p>Worum geht es? Ein Auto steht \u00fcber 90% seiner \u201eNutzungs\u201c-dauer im Wesentlichen rum. Wenn es nicht gerade im Stau die Stra\u00dfen verstopft, verstopft es parkend den st\u00e4dtischen Raum. So verbraucht eine abwesende Person wertvollen Platz, der dann f\u00fcr Begegnungen, Fahrr\u00e4der, Kinderspiele, Kleink\u00fcnstler und Stra\u00dfencafes unbrauchbar wird.<\/p>\n\n\n\n<p>Am Park(ing) day drehen wir den Spie\u00df um: Parkpl\u00e4tze im \u00f6ffentlichen Stra\u00dfenraum werden f\u00fcr einige Stunden umgewidmet: ein Auto macht den Parkplatz frei \u2013 wir stellen unsere R\u00e4der drauf; das n\u00e4chste Auto f\u00e4hrt weg \u2013 wir breiten den Teppich aus und stellen die Zimmerpalme auf; noch ein Parkplatz wird frei \u2013 die Kinder malen H\u00fcpfspiele mit Stra\u00dfenkreide und fangen an zu spielen. etc.<\/p>\n\n\n\n<p>Eigentlich kann man das in der ganzen Stadt machen, aber seitens des Orga-Teams der Critical Mass werden wir uns in der Kallhardtstra\u00dfe beim <a href=\"https:\/\/www.kupferdaechle.de\/\" target=\"_blank\" rel=\"noreferrer noopener\">Kupferd\u00e4chle<\/a> treffen. Und Du bist herzlich eingeladen, bei unserer \u201eSchwerpunktaktion\u201c mitzumachen.<\/p>\n\n\n\n<p>Was kannst du tun? Was du willst \u2013 sei kreativ! Nutze einen freien Parkplatz und lass deiner Fantasie freien Lauf: Ein Teppich, Sitzgelegenheiten, Kaffee und Kuchen, Blument\u00f6pfe, Brettspiele, Stra\u00dfenkreide etc. Achte aber darauf, mit der Aktion niemanden zu st\u00f6ren oder zu bel\u00e4stigen. Weitere Inspirationen unter <a rel=\"noreferrer noopener\" href=\"http:\/\/www.strasse-zurueckerobern.de\" target=\"_blank\">www.strasse-zurueckerobern.de<\/a><\/p>\n\n\n\n<p>Auch <a href=\"https:\/\/bw.vcd.org\/der-vcd-in-bw\/pforzheimenz\/\" data-type=\"URL\" data-id=\"https:\/\/bw.vcd.org\/der-vcd-in-bw\/pforzheimenz\/\" target=\"_blank\" rel=\"noreferrer noopener\">VCD<\/a> und <a href=\"https:\/\/www.adfc-bw.de\/pforzheim\/adfc-pforzheim-enzkreis\/\" data-type=\"URL\" data-id=\"https:\/\/www.adfc-bw.de\/pforzheim\/adfc-pforzheim-enzkreis\/\" target=\"_blank\" rel=\"noreferrer noopener\">ADFC<\/a> werden vor Ort sein. Der <a href=\"https:\/\/www.adfc-bw.de\/pforzheim\/adfc-pforzheim-enzkreis\/\" data-type=\"URL\" data-id=\"https:\/\/www.adfc-bw.de\/pforzheim\/adfc-pforzheim-enzkreis\/\" target=\"_blank\" rel=\"noreferrer noopener\">ADFC<\/a> wird eine Fahrrad-Kodieraktion durchf\u00fchren.<\/p>\n\n\n\n<p>Mach Fotos von deiner Aktion! Vorher-Nachher-Bilder sind ideal. Schick uns deine Fotos oder verbreite sie unter #parkingdaypforzheim und #parkingday in deinen Social-Media-Kan\u00e4len.<\/p>\n","protected":false},"excerpt":{"rendered":"<p>Zur Abwechslung wollen wir am 16.9. ab 15 Uhr einmal selber die Stadt vollparken: mit Kaffeetischen, Stra\u00dfenkreidespielen, Schaukelst\u00fchlen, Campingdecken etc. Zum Kaffeetrinken, Entspannen, Spielen oder Freunde treffen. Mal schauen, wozu 12 qm Stra\u00dfenraum so alles gebraucht werden k\u00f6nnen. Worum geht es? Ein Auto steht \u00fcber 90% seiner \u201eNutzungs\u201c-dauer im Wesentlichen rum. Wenn es nicht gerade [&hellip;]<\/p>\n","protected":false},"author":8,"featured_media":1561,"comment_status":"closed","ping_status":"open","sticky":false,"template":"","format":"standard","meta":[],"categories":[7,4,2],"tags":[9,14,34,69],"_links":{"self":[{"href":"https:\/\/www.fahrradstadt-pforzheim.de\/index.php\/wp-json\/wp\/v2\/posts\/1559"}],"collection":[{"href":"https:\/\/www.fahrradstadt-pforzheim.de\/index.php\/wp-json\/wp\/v2\/posts"}],"about":[{"href":"https:\/\/www.fahrradstadt-pforzheim.de\/index.php\/wp-json\/wp\/v2\/types\/post"}],"author":[{"embeddable":true,"href":"https:\/\/www.fahrradstadt-pforzheim.de\/index.php\/wp-json\/wp\/v2\/users\/8"}],"replies":[{"embeddable":true,"href":"https:\/\/www.fahrradstadt-pforzheim.de\/index.php\/wp-json\/wp\/v2\/comments?post=1559"}],"version-history":[{"count":4,"href":"https:\/\/www.fahrradstadt-pforzheim.de\/index.php\/wp-json\/wp\/v2\/posts\/1559\/revisions"}],"predecessor-version":[{"id":1606,"href":"https:\/\/www.fahrradstadt-pforzheim.de\/index.php\/wp-json\/wp\/v2\/posts\/1559\/revisions\/1606"}],"wp:featuredmedia":[{"embeddable":true,"href":"https:\/\/www.fahrradstadt-pforzheim.de\/index.php\/wp-json\/wp\/v2\/media\/1561"}],"wp:attachment":[{"href":"https:\/\/www.fahrradstadt-pforzheim.de\/index.php\/wp-json\/wp\/v2\/media?parent=1559"}],"wp:term":[{"taxonomy":"category","embeddable":true,"href":"https:\/\/www.fahrradstadt-pforzheim.de\/index.php\/wp-json\/wp\/v2\/categories?post=1559"},{"taxonomy":"post_tag","embeddable":true,"href":"https:\/\/www.fahrradstadt-pforzheim.de\/index.php\/wp-json\/wp\/v2\/tags?post=1559"}],"curies":[{"name":"wp","href":"https:\/\/api.w.org\/{rel}","templated":true}]}}