{"id":1571,"date":"2022-08-11T14:24:00","date_gmt":"2022-08-11T12:24:00","guid":{"rendered":"https:\/\/www.fahrradstadt-pforzheim.de\/?p=1571"},"modified":"2023-04-12T01:24:01","modified_gmt":"2023-04-11T23:24:01","slug":"programm","status":"publish","type":"post","link":"https:\/\/www.fahrradstadt-pforzheim.de\/index.php\/2022\/08\/11\/programm\/","title":{"rendered":"Termine"},"content":{"rendered":"\n<p>Manchmal verliert man den \u00dcberblick bei den vielen Angeboten, Aktionen und Events rund um&#8217;s Rad&#8230; hier die Liste:<\/p>\n\n\n\n<figure class=\"wp-block-table\"><table><tbody><tr><td><strong>Termin<\/strong><\/td><td><strong>Ort<\/strong><\/td><td><strong>Event<\/strong><\/td><\/tr><tr><td>04.09.2022 09:30<\/td><td>Turnplatz (PF)<\/td><td>Pedelec (E-Bike) Tour der Pforzheimer S\u00fcden (Anmeldung <a rel=\"noreferrer noopener\" href=\"https:\/\/www.adfc-bw.de\/fileadmin\/dateien\/Downloads\/2022_PF_Enz_Layout.pdf\" target=\"_blank\">hier<\/a>)<\/td><\/tr><tr><td>10.09.2022 09:00<\/td><td>Waisenhausplatz am Goldschmiedesteg (PF)<\/td><td>Fachwerkh\u00e4user bei Maulbronn und Vaihingen (Anmeldung <a rel=\"noreferrer noopener\" href=\"https:\/\/www.adfc-bw.de\/fileadmin\/dateien\/Downloads\/2022_PF_Enz_Layout.pdf\" target=\"_blank\">hier<\/a>)<\/td><\/tr><tr><td>16.09.2022 15:00<\/td><td>Kallhardtstr beim Kupferd\u00e4chle (PF)<\/td><td>Park(ing) Day<\/td><\/tr><tr><td>17.09.2022 07:15<\/td><td>Hauptbahnhof (PF)<\/td><td>Burg Trifels in der Pfalz (Anmeldung <a rel=\"noreferrer noopener\" href=\"https:\/\/www.adfc-bw.de\/fileadmin\/dateien\/Downloads\/2022_PF_Enz_Layout.pdf\" target=\"_blank\">hier<\/a>)<\/td><\/tr><tr><td>18.09.2022 15:00<\/td><td>Waisenhausplatz (PF)<\/td><td>Fancy Women Bike Ride<\/td><\/tr><tr><td>24.09.2022 11:00<\/td><td>Waisenhausplatz (PF)<\/td><td>Kidical Mass<\/td><\/tr><tr><td>25.09.2022 10:00<\/td><td>Turnplatz (PF)<\/td><td>Fahrradtour f\u00fcr sportliche Frauen (Anmeldung <a rel=\"noreferrer noopener\" href=\"https:\/\/www.adfc-bw.de\/fileadmin\/dateien\/Downloads\/2022_PF_Enz_Layout.pdf\" target=\"_blank\">hier<\/a>)<\/td><\/tr><tr><td>30.09.2022 19:00<\/td><td>Waisenhausplatz (PF)<\/td><td>Critical Mass<\/td><\/tr><tr><td>02.20.2022 11:00<\/td><td>Marktplatz, Waisenhausplatz (PF)<\/td><td>Abschlussfest Internationaler Spielmobilekongress mit Fahrradprogramm<\/td><\/tr><tr><td>09.10.2022 08:15<\/td><td>Hauptbahnhof (PF)<\/td><td>Zu den Kaiserbergen in der Ostalb (Anmeldung <a rel=\"noreferrer noopener\" href=\"https:\/\/www.adfc-bw.de\/fileadmin\/dateien\/Downloads\/2022_PF_Enz_Layout.pdf\" target=\"_blank\">hier<\/a>)<\/td><\/tr><tr><td>13.10.2022 &#8211; Vorank\u00fcndigung &#8211; <\/td><td><\/td><td>Katja Diehl liest aus \u201eAutokorrektur \u2013 Mobilit\u00e4t f\u00fcr eine lebenswerte Welt\u201c<\/td><\/tr><tr><td>23.10.2022 09:00<\/td><td>Bahnhofsvorplatz (M\u00fchlacker)<\/td><td>Bike &amp; Hike zum &#8222;Lug ins Land&#8220; (Anmeldung <a rel=\"noreferrer noopener\" href=\"https:\/\/www.adfc-bw.de\/fileadmin\/dateien\/Downloads\/2022_PF_Enz_Layout.pdf\" target=\"_blank\">hier<\/a>)<\/td><\/tr><tr><td>28.10.2022 19:00<\/td><td>Waisenhausplatz (PF)<\/td><td>Critical Mass<\/td><\/tr><tr><td>12.11.2022 09:00<\/td><td>Cafe Hasenmayer (PF)<\/td><td>Zum Fr\u00fchst\u00fcck am Roten Meer (Anmeldung <a rel=\"noreferrer noopener\" href=\"https:\/\/www.adfc-bw.de\/fileadmin\/dateien\/Downloads\/2022_PF_Enz_Layout.pdf\" target=\"_blank\">hier<\/a>)<\/td><\/tr><tr><td>25.11.2022 19:00<\/td><td>Waisenhausplatz (PF)<\/td><td>Critical Mass<\/td><\/tr><tr><td>30.12.2022 19:00<\/td><td>Waisenhausplatz (PF) <\/td><td>Critical Mass <\/td><\/tr><\/tbody><\/table><\/figure>\n\n\n\n<p><\/p>\n","protected":false},"excerpt":{"rendered":"<p>Manchmal verliert man den \u00dcberblick bei den vielen Angeboten, Aktionen und Events rund um&#8217;s Rad&#8230; hier die Liste: Termin Ort Event 04.09.2022 09:30 Turnplatz (PF) Pedelec (E-Bike) Tour der Pforzheimer S\u00fcden (Anmeldung hier) 10.09.2022 09:00 Waisenhausplatz am Goldschmiedesteg (PF) Fachwerkh\u00e4user bei Maulbronn und Vaihingen (Anmeldung hier) 16.09.2022 15:00 Kallhardtstr beim Kupferd\u00e4chle (PF) Park(ing) Day 17.09.2022 [&hellip;]<\/p>\n","protected":false},"author":8,"featured_media":1574,"comment_status":"closed","ping_status":"open","sticky":true,"template":"","format":"standard","meta":[],"categories":[4,2],"tags":[],"_links":{"self":[{"href":"https:\/\/www.fahrradstadt-pforzheim.de\/index.php\/wp-json\/wp\/v2\/posts\/1571"}],"collection":[{"href":"https:\/\/www.fahrradstadt-pforzheim.de\/index.php\/wp-json\/wp\/v2\/posts"}],"about":[{"href":"https:\/\/www.fahrradstadt-pforzheim.de\/index.php\/wp-json\/wp\/v2\/types\/post"}],"author":[{"embeddable":true,"href":"https:\/\/www.fahrradstadt-pforzheim.de\/index.php\/wp-json\/wp\/v2\/users\/8"}],"replies":[{"embeddable":true,"href":"https:\/\/www.fahrradstadt-pforzheim.de\/index.php\/wp-json\/wp\/v2\/comments?post=1571"}],"version-history":[{"count":7,"href":"https:\/\/www.fahrradstadt-pforzheim.de\/index.php\/wp-json\/wp\/v2\/posts\/1571\/revisions"}],"predecessor-version":[{"id":1602,"href":"https:\/\/www.fahrradstadt-pforzheim.de\/index.php\/wp-json\/wp\/v2\/posts\/1571\/revisions\/1602"}],"wp:featuredmedia":[{"embeddable":true,"href":"https:\/\/www.fahrradstadt-pforzheim.de\/index.php\/wp-json\/wp\/v2\/media\/1574"}],"wp:attachment":[{"href":"https:\/\/www.fahrradstadt-pforzheim.de\/index.php\/wp-json\/wp\/v2\/media?parent=1571"}],"wp:term":[{"taxonomy":"category","embeddable":true,"href":"https:\/\/www.fahrradstadt-pforzheim.de\/index.php\/wp-json\/wp\/v2\/categories?post=1571"},{"taxonomy":"post_tag","embeddable":true,"href":"https:\/\/www.fahrradstadt-pforzheim.de\/index.php\/wp-json\/wp\/v2\/tags?post=1571"}],"curies":[{"name":"wp","href":"https:\/\/api.w.org\/{rel}","templated":true}]}}