{"id":1584,"date":"2022-08-30T15:03:46","date_gmt":"2022-08-30T13:03:46","guid":{"rendered":"https:\/\/www.fahrradstadt-pforzheim.de\/?p=1584"},"modified":"2022-10-23T21:35:17","modified_gmt":"2022-10-23T19:35:17","slug":"kidical-mass-am-24-9","status":"publish","type":"post","link":"https:\/\/www.fahrradstadt-pforzheim.de\/index.php\/2022\/08\/30\/kidical-mass-am-24-9\/","title":{"rendered":"Kidical Mass am 24.9."},"content":{"rendered":"\n<blockquote class=\"wp-block-quote\"><p>Radfahren macht Spa\u00df und bringt euch abgasfrei und schnell zu Freunden, zum Training oder in die Schule. Findest Du auch, dass daf\u00fcr in Pforzheim die Radwege fehlen? Dann rauf auf&#8217;s Rad und hilf mit, die Dinge in&#8217;s Rollen zu bringen \u2013 in Richtung einer kinderfreundlichen Stadt mit mehr Freir\u00e4umen und mehr Lebensqualit\u00e4t. Wir treffen uns am 24.9. um 11 Uhr auf dem Waisenhausplatz.<\/p><\/blockquote>\n\n\n\n<p>Malt Schilder, schm\u00fcckt eure R\u00e4der und bringt eure Freunde und Eltern mit \u2013 gerne mit mobiler Soundbox, Anh\u00e4ngern und Lastenr\u00e4dern \u2013 und lasst uns gemeinsam ein buntes und lautes Zeichen f\u00fcr mehr und sichere Radwege f\u00fcr Kinder und Jugendliche in Pforzheim setzen. Je lauter wir dabei klingeln, je mehr wir sind, umso gr\u00f6\u00dfer der Spa\u00df beim gem\u00fctlichen Rollen \u00fcber Pforzheims gro\u00dfe  Stra\u00dfen. Die Polizei sperrt die Stra\u00dfen f\u00fcr uns ab.<\/p>\n\n\n\n<p>Ende gegen 12 Uhr auf dem RoWi-Quartier mit gro\u00dfem Kinderprogramm, Spielangeboten und Cr\u00eapes-Belohnung f\u00fcr mitradelnde Kinder.<\/p>\n\n\n\n<figure class=\"wp-block-image size-large\"><img loading=\"lazy\" width=\"1030\" height=\"1030\" src=\"https:\/\/www.fahrradstadt-pforzheim.de\/wp-content\/uploads\/2022\/08\/KM_Sharepics_202209_3-1030x1030.jpg\" alt=\"\" class=\"wp-image-1587\" srcset=\"https:\/\/www.fahrradstadt-pforzheim.de\/wp-content\/uploads\/2022\/08\/KM_Sharepics_202209_3-1030x1030.jpg 1030w, https:\/\/www.fahrradstadt-pforzheim.de\/wp-content\/uploads\/2022\/08\/KM_Sharepics_202209_3-300x300.jpg 300w, https:\/\/www.fahrradstadt-pforzheim.de\/wp-content\/uploads\/2022\/08\/KM_Sharepics_202209_3-80x80.jpg 80w, https:\/\/www.fahrradstadt-pforzheim.de\/wp-content\/uploads\/2022\/08\/KM_Sharepics_202209_3-768x768.jpg 768w, https:\/\/www.fahrradstadt-pforzheim.de\/wp-content\/uploads\/2022\/08\/KM_Sharepics_202209_3-1536x1536.jpg 1536w, https:\/\/www.fahrradstadt-pforzheim.de\/wp-content\/uploads\/2022\/08\/KM_Sharepics_202209_3-36x36.jpg 36w, https:\/\/www.fahrradstadt-pforzheim.de\/wp-content\/uploads\/2022\/08\/KM_Sharepics_202209_3-180x180.jpg 180w, https:\/\/www.fahrradstadt-pforzheim.de\/wp-content\/uploads\/2022\/08\/KM_Sharepics_202209_3-1500x1500.jpg 1500w, https:\/\/www.fahrradstadt-pforzheim.de\/wp-content\/uploads\/2022\/08\/KM_Sharepics_202209_3-705x705.jpg 705w, https:\/\/www.fahrradstadt-pforzheim.de\/wp-content\/uploads\/2022\/08\/KM_Sharepics_202209_3.jpg 2000w\" sizes=\"(max-width: 1030px) 100vw, 1030px\" \/><\/figure>\n\n\n\n<figure class=\"wp-block-image size-large\"><img loading=\"lazy\" width=\"1030\" height=\"1030\" src=\"https:\/\/www.fahrradstadt-pforzheim.de\/wp-content\/uploads\/2022\/08\/KM_Sharepics_202209_2-1030x1030.jpg\" alt=\"\" class=\"wp-image-1586\" srcset=\"https:\/\/www.fahrradstadt-pforzheim.de\/wp-content\/uploads\/2022\/08\/KM_Sharepics_202209_2-1030x1030.jpg 1030w, https:\/\/www.fahrradstadt-pforzheim.de\/wp-content\/uploads\/2022\/08\/KM_Sharepics_202209_2-300x300.jpg 300w, https:\/\/www.fahrradstadt-pforzheim.de\/wp-content\/uploads\/2022\/08\/KM_Sharepics_202209_2-80x80.jpg 80w, https:\/\/www.fahrradstadt-pforzheim.de\/wp-content\/uploads\/2022\/08\/KM_Sharepics_202209_2-768x768.jpg 768w, https:\/\/www.fahrradstadt-pforzheim.de\/wp-content\/uploads\/2022\/08\/KM_Sharepics_202209_2-1536x1536.jpg 1536w, https:\/\/www.fahrradstadt-pforzheim.de\/wp-content\/uploads\/2022\/08\/KM_Sharepics_202209_2-36x36.jpg 36w, https:\/\/www.fahrradstadt-pforzheim.de\/wp-content\/uploads\/2022\/08\/KM_Sharepics_202209_2-180x180.jpg 180w, https:\/\/www.fahrradstadt-pforzheim.de\/wp-content\/uploads\/2022\/08\/KM_Sharepics_202209_2-1500x1500.jpg 1500w, https:\/\/www.fahrradstadt-pforzheim.de\/wp-content\/uploads\/2022\/08\/KM_Sharepics_202209_2-705x705.jpg 705w, https:\/\/www.fahrradstadt-pforzheim.de\/wp-content\/uploads\/2022\/08\/KM_Sharepics_202209_2.jpg 2000w\" sizes=\"(max-width: 1030px) 100vw, 1030px\" \/><\/figure>\n\n\n\n<figure class=\"wp-block-image size-large\"><img loading=\"lazy\" width=\"1030\" height=\"1030\" src=\"https:\/\/www.fahrradstadt-pforzheim.de\/wp-content\/uploads\/2022\/08\/KM_Sharepics_202209_4-1030x1030.jpg\" alt=\"\" class=\"wp-image-1588\" srcset=\"https:\/\/www.fahrradstadt-pforzheim.de\/wp-content\/uploads\/2022\/08\/KM_Sharepics_202209_4-1030x1030.jpg 1030w, https:\/\/www.fahrradstadt-pforzheim.de\/wp-content\/uploads\/2022\/08\/KM_Sharepics_202209_4-300x300.jpg 300w, https:\/\/www.fahrradstadt-pforzheim.de\/wp-content\/uploads\/2022\/08\/KM_Sharepics_202209_4-80x80.jpg 80w, https:\/\/www.fahrradstadt-pforzheim.de\/wp-content\/uploads\/2022\/08\/KM_Sharepics_202209_4-768x768.jpg 768w, https:\/\/www.fahrradstadt-pforzheim.de\/wp-content\/uploads\/2022\/08\/KM_Sharepics_202209_4-1536x1536.jpg 1536w, https:\/\/www.fahrradstadt-pforzheim.de\/wp-content\/uploads\/2022\/08\/KM_Sharepics_202209_4-36x36.jpg 36w, https:\/\/www.fahrradstadt-pforzheim.de\/wp-content\/uploads\/2022\/08\/KM_Sharepics_202209_4-180x180.jpg 180w, https:\/\/www.fahrradstadt-pforzheim.de\/wp-content\/uploads\/2022\/08\/KM_Sharepics_202209_4-1500x1500.jpg 1500w, https:\/\/www.fahrradstadt-pforzheim.de\/wp-content\/uploads\/2022\/08\/KM_Sharepics_202209_4-705x705.jpg 705w, https:\/\/www.fahrradstadt-pforzheim.de\/wp-content\/uploads\/2022\/08\/KM_Sharepics_202209_4.jpg 2000w\" sizes=\"(max-width: 1030px) 100vw, 1030px\" \/><\/figure>\n","protected":false},"excerpt":{"rendered":"<p>Radfahren macht Spa\u00df und bringt euch abgasfrei und schnell zu Freunden, zum Training oder in die Schule. Findest Du auch, dass daf\u00fcr in Pforzheim die Radwege fehlen? Dann rauf auf&#8217;s Rad und hilf mit, die Dinge in&#8217;s Rollen zu bringen \u2013 in Richtung einer kinderfreundlichen Stadt mit mehr Freir\u00e4umen und mehr Lebensqualit\u00e4t. Wir treffen uns [&hellip;]<\/p>\n","protected":false},"author":8,"featured_media":1585,"comment_status":"closed","ping_status":"open","sticky":false,"template":"","format":"standard","meta":[],"categories":[7,8,77,4,2],"tags":[9,66,56,46,71],"_links":{"self":[{"href":"https:\/\/www.fahrradstadt-pforzheim.de\/index.php\/wp-json\/wp\/v2\/posts\/1584"}],"collection":[{"href":"https:\/\/www.fahrradstadt-pforzheim.de\/index.php\/wp-json\/wp\/v2\/posts"}],"about":[{"href":"https:\/\/www.fahrradstadt-pforzheim.de\/index.php\/wp-json\/wp\/v2\/types\/post"}],"author":[{"embeddable":true,"href":"https:\/\/www.fahrradstadt-pforzheim.de\/index.php\/wp-json\/wp\/v2\/users\/8"}],"replies":[{"embeddable":true,"href":"https:\/\/www.fahrradstadt-pforzheim.de\/index.php\/wp-json\/wp\/v2\/comments?post=1584"}],"version-history":[{"count":1,"href":"https:\/\/www.fahrradstadt-pforzheim.de\/index.php\/wp-json\/wp\/v2\/posts\/1584\/revisions"}],"predecessor-version":[{"id":1590,"href":"https:\/\/www.fahrradstadt-pforzheim.de\/index.php\/wp-json\/wp\/v2\/posts\/1584\/revisions\/1590"}],"wp:featuredmedia":[{"embeddable":true,"href":"https:\/\/www.fahrradstadt-pforzheim.de\/index.php\/wp-json\/wp\/v2\/media\/1585"}],"wp:attachment":[{"href":"https:\/\/www.fahrradstadt-pforzheim.de\/index.php\/wp-json\/wp\/v2\/media?parent=1584"}],"wp:term":[{"taxonomy":"category","embeddable":true,"href":"https:\/\/www.fahrradstadt-pforzheim.de\/index.php\/wp-json\/wp\/v2\/categories?post=1584"},{"taxonomy":"post_tag","embeddable":true,"href":"https:\/\/www.fahrradstadt-pforzheim.de\/index.php\/wp-json\/wp\/v2\/tags?post=1584"}],"curies":[{"name":"wp","href":"https:\/\/api.w.org\/{rel}","templated":true}]}}