{"id":2142,"date":"2023-11-13T20:50:42","date_gmt":"2023-11-13T19:50:42","guid":{"rendered":"https:\/\/www.fahrradstadt-pforzheim.de\/?p=2142"},"modified":"2023-11-13T20:50:43","modified_gmt":"2023-11-13T19:50:43","slug":"rueckblick-fancy-women-bike-ride-2023","status":"publish","type":"post","link":"https:\/\/www.fahrradstadt-pforzheim.de\/index.php\/2023\/11\/13\/rueckblick-fancy-women-bike-ride-2023\/","title":{"rendered":"R\u00fcckblick Fancy Women Bike Ride 2023"},"content":{"rendered":"\n<p>\u201eDie Frau soll zu Hause bleiben, den Haushalt machen und sich um die Kinder k\u00fcmmern; der Mann f\u00e4hrt jeden Morgen (mit dem Auto) zur Arbeit.\u201c So oder \u00e4hnlich denken im Jahr 2023 noch Menschen auf der ganzen Welt; auch in Deutschland ist dieses Rollenklischee nach wie vor intakt. Bis vor rund 100 Jahren galt auch in diesem Land Radfahren bei Frauen als unweiblich, unanst\u00e4ndig und ungesund. In manchen Kulturen, z.B. im Iran oder in <a href=\"https:\/\/taz.de\/Freiheit-von-Frauen-in-Syrien\/!5934096\/\">Syrien<\/a> ist es heute noch nicht gew\u00fcnscht, dass Frauen in der \u00d6ffentlichkeit Rad fahren. In anderen L\u00e4ndern ist es zwar nicht verboten, aber dennoch sind Frauen im Alltag kaum mit dem Rad unterwegs. Das fiel auch der T\u00fcrkin Pinar Pinzuti auf und sie rief vor 10 Jahren zusammen mit Sema G\u00fcr in Izmir die Initiative des <a href=\"https:\/\/www.suslukadinlarbisikletturu.com\/en\/\">Fancy Women Bike Ride<\/a> (FWBR) ins Leben.<\/p>\n\n\n\n<p>Seitdem hat sich in den vergangenen Jahren durch das Engagement zahlreicher Frauen der FWBR zu einer weltweiten Bewegung entwickelt. 2022 beteiligten sich Frauen in 200 St\u00e4dten und 30 L\u00e4ndern, bisher noch haupts\u00e4chlich auf der Nordhalbkugel, aber auch L\u00e4nder wie Brasilien und Botswana sind nun mit dabei.<\/p>\n\n\n\n<p>Zum vierten Mal geh\u00f6rte auch Pforzheim zu den St\u00e4dten, in denen am 17. September 2023 Frauen eingeladen waren, sich auf dem Fahrrad f\u00fcr selbstbestimmte Fortbewegung einzusetzen.<\/p>\n\n\n\n<p>Wir fordern eine sichere Fahrradinfrastruktur, die es allen Radfahrenden erm\u00f6glicht, sich ohne Angst in der Stadt fortzubewegen, egal wie alt sie sind, ob m\u00e4nnlich oder weiblich, ob sie seit Jahrzehnten Fahrrad fahren oder erst seit wenigen Tagen. Bei der Critical Mass in Pforzheim, bei der noch immer M\u00e4nner in der Mehrzahl sind, aber auch beim Weltm\u00e4dchentag konnten wir feststellen, dass zahlreichen M\u00e4dchen und Frauen die Routine beim Fahrradfahren fehlt und dass sie oft gar kein eigenes Fahrrad besitzen.<\/p>\n\n\n\n<p>Rund 75 M\u00e4dchen, Frauen und einige unterst\u00fctzende M\u00e4nner zeigten mit der Flanierfahrt durch die Pforzheimer Stra\u00dfen, dass Radfahren nicht nur f\u00fcr funktionskleidungsausgestattete M\u00e4nner ist, sondern f\u00fcr alle. Die Fahrt endete am Caf\u00e9 Roland, wo wir den Nachmittag gem\u00fctlich ausklingen lassen konnen.<\/p>\n\n\n\n<p>Trotz des ernsten Hintergrundes verbrachten wir beim FWBR vor allem einen sch\u00f6nen Nachmittag bei sommerlichen Temperaturen und zeigten, dass Fahrrad fahren einfach Spa\u00df macht!<\/p>\n\n\n\n<p>Und nach der Fahrt ist nat\u00fcrlich auch schon wieder vor der Fahrt. Der n\u00e4chste FWBR findet am <strong>15. September 2024<\/strong> statt. Wir freuen uns auf euch!<\/p>\n\n\n\n<figure class=\"wp-block-image\"><img alt=\"\"\/><\/figure>\n\n\n\n<figure class=\"wp-block-gallery columns-2 is-cropped\"><ul class=\"blocks-gallery-grid\"><li class=\"blocks-gallery-item\"><figure><img loading=\"lazy\" width=\"425\" height=\"425\" src=\"https:\/\/www.fahrradstadt-pforzheim.de\/wp-content\/uploads\/2023\/11\/IMG_20230924_213733_312.webp\" alt=\"\" data-id=\"2145\" data-full-url=\"https:\/\/www.fahrradstadt-pforzheim.de\/wp-content\/uploads\/2023\/11\/IMG_20230924_213733_312.webp\" data-link=\"https:\/\/www.fahrradstadt-pforzheim.de\/?attachment_id=2145\" class=\"wp-image-2145\" srcset=\"https:\/\/www.fahrradstadt-pforzheim.de\/wp-content\/uploads\/2023\/11\/IMG_20230924_213733_312.webp 425w, https:\/\/www.fahrradstadt-pforzheim.de\/wp-content\/uploads\/2023\/11\/IMG_20230924_213733_312-300x300.webp 300w, https:\/\/www.fahrradstadt-pforzheim.de\/wp-content\/uploads\/2023\/11\/IMG_20230924_213733_312-80x80.webp 80w, https:\/\/www.fahrradstadt-pforzheim.de\/wp-content\/uploads\/2023\/11\/IMG_20230924_213733_312-36x36.webp 36w, https:\/\/www.fahrradstadt-pforzheim.de\/wp-content\/uploads\/2023\/11\/IMG_20230924_213733_312-180x180.webp 180w\" sizes=\"(max-width: 425px) 100vw, 425px\" \/><\/figure><\/li><li class=\"blocks-gallery-item\"><figure><img loading=\"lazy\" width=\"842\" height=\"842\" src=\"https:\/\/www.fahrradstadt-pforzheim.de\/wp-content\/uploads\/2023\/11\/IMG_20230926_212922_766.webp\" alt=\"\" data-id=\"2146\" data-full-url=\"https:\/\/www.fahrradstadt-pforzheim.de\/wp-content\/uploads\/2023\/11\/IMG_20230926_212922_766.webp\" data-link=\"https:\/\/www.fahrradstadt-pforzheim.de\/?attachment_id=2146\" class=\"wp-image-2146\" srcset=\"https:\/\/www.fahrradstadt-pforzheim.de\/wp-content\/uploads\/2023\/11\/IMG_20230926_212922_766.webp 842w, https:\/\/www.fahrradstadt-pforzheim.de\/wp-content\/uploads\/2023\/11\/IMG_20230926_212922_766-300x300.webp 300w, https:\/\/www.fahrradstadt-pforzheim.de\/wp-content\/uploads\/2023\/11\/IMG_20230926_212922_766-80x80.webp 80w, https:\/\/www.fahrradstadt-pforzheim.de\/wp-content\/uploads\/2023\/11\/IMG_20230926_212922_766-768x768.webp 768w, https:\/\/www.fahrradstadt-pforzheim.de\/wp-content\/uploads\/2023\/11\/IMG_20230926_212922_766-36x36.webp 36w, https:\/\/www.fahrradstadt-pforzheim.de\/wp-content\/uploads\/2023\/11\/IMG_20230926_212922_766-180x180.webp 180w, https:\/\/www.fahrradstadt-pforzheim.de\/wp-content\/uploads\/2023\/11\/IMG_20230926_212922_766-705x705.webp 705w\" sizes=\"(max-width: 842px) 100vw, 842px\" \/><\/figure><\/li><\/ul><figcaption class=\"blocks-gallery-caption\">Fancy Women Bike Ride 2023<\/figcaption><\/figure>\n\n\n\n<p><\/p>\n","protected":false},"excerpt":{"rendered":"<p>\u201eDie Frau soll zu Hause bleiben, den Haushalt machen und sich um die Kinder k\u00fcmmern; der Mann f\u00e4hrt jeden Morgen (mit dem Auto) zur Arbeit.\u201c So oder \u00e4hnlich denken im Jahr 2023 noch Menschen auf der ganzen Welt; auch in Deutschland ist dieses Rollenklischee nach wie vor intakt. Bis vor rund 100 Jahren galt auch [&hellip;]<\/p>\n","protected":false},"author":9,"featured_media":2090,"comment_status":"closed","ping_status":"open","sticky":false,"template":"","format":"standard","meta":[],"categories":[7,8,79,2],"tags":[32],"_links":{"self":[{"href":"https:\/\/www.fahrradstadt-pforzheim.de\/index.php\/wp-json\/wp\/v2\/posts\/2142"}],"collection":[{"href":"https:\/\/www.fahrradstadt-pforzheim.de\/index.php\/wp-json\/wp\/v2\/posts"}],"about":[{"href":"https:\/\/www.fahrradstadt-pforzheim.de\/index.php\/wp-json\/wp\/v2\/types\/post"}],"author":[{"embeddable":true,"href":"https:\/\/www.fahrradstadt-pforzheim.de\/index.php\/wp-json\/wp\/v2\/users\/9"}],"replies":[{"embeddable":true,"href":"https:\/\/www.fahrradstadt-pforzheim.de\/index.php\/wp-json\/wp\/v2\/comments?post=2142"}],"version-history":[{"count":3,"href":"https:\/\/www.fahrradstadt-pforzheim.de\/index.php\/wp-json\/wp\/v2\/posts\/2142\/revisions"}],"predecessor-version":[{"id":2147,"href":"https:\/\/www.fahrradstadt-pforzheim.de\/index.php\/wp-json\/wp\/v2\/posts\/2142\/revisions\/2147"}],"wp:featuredmedia":[{"embeddable":true,"href":"https:\/\/www.fahrradstadt-pforzheim.de\/index.php\/wp-json\/wp\/v2\/media\/2090"}],"wp:attachment":[{"href":"https:\/\/www.fahrradstadt-pforzheim.de\/index.php\/wp-json\/wp\/v2\/media?parent=2142"}],"wp:term":[{"taxonomy":"category","embeddable":true,"href":"https:\/\/www.fahrradstadt-pforzheim.de\/index.php\/wp-json\/wp\/v2\/categories?post=2142"},{"taxonomy":"post_tag","embeddable":true,"href":"https:\/\/www.fahrradstadt-pforzheim.de\/index.php\/wp-json\/wp\/v2\/tags?post=2142"}],"curies":[{"name":"wp","href":"https:\/\/api.w.org\/{rel}","templated":true}]}}