{"id":2382,"date":"2024-02-21T22:54:00","date_gmt":"2024-02-21T21:54:00","guid":{"rendered":"https:\/\/www.fahrradstadt-pforzheim.de\/?p=2382"},"modified":"2024-02-28T22:55:19","modified_gmt":"2024-02-28T21:55:19","slug":"fahrradmarkt-02032024","status":"publish","type":"post","link":"https:\/\/www.fahrradstadt-pforzheim.de\/index.php\/2024\/02\/21\/fahrradmarkt-02032024\/","title":{"rendered":"2. M\u00e4rz: Gro\u00dfer Fahrradmarkt"},"content":{"rendered":"\n<p>Die <a rel=\"noreferrer noopener\" href=\"https:\/\/www.q-printsandservice.de\/leistungen\/eigenbetriebe\/fahrradwerkstatt\/\" target=\"_blank\">soziale Fahrradwerkstatt von Q-PRINTS &amp; SERVICE<\/a>, mit der wir schon lange toll <a rel=\"noreferrer noopener\" href=\"https:\/\/www.fahrradstadt-pforzheim.de\/#links\" target=\"_blank\">kooperieren<\/a>, veranstaltet am Samstag, 2. M\u00e4rz, von 10 bis 15 Uhr wieder einen <a rel=\"noreferrer noopener\" href=\"https:\/\/www.q-printsandservice.de\/radverkauf-unserer-sozialen-fahrradwerkstatt-am-4-juni\/\" target=\"_blank\">gro\u00dfen Fahrradmarkt<\/a> in der Simmlerstra\u00dfe 10. <\/p>\n\n\n\n<p>Wenn ihr gerade auf der Suche seid, k\u00f6nnt ihr dort zu sozialen Preisen instandgesetzte gebrauchte Damen-, Herren- und Kinderr\u00e4der erwerben. Vorbeischauen lohnt auf jeden Fall!<\/p>\n\n\n\n<figure class=\"wp-block-gallery columns-1 is-cropped\"><ul class=\"blocks-gallery-grid\"><li class=\"blocks-gallery-item\"><figure><img loading=\"lazy\" width=\"600\" height=\"400\" src=\"https:\/\/www.fahrradstadt-pforzheim.de\/wp-content\/uploads\/2024\/02\/Fahrradflohmarkt-1.png\" alt=\"Fahrradmarkt von Q-PRINTS &amp; SERVICE\" data-id=\"2381\" data-full-url=\"https:\/\/www.fahrradstadt-pforzheim.de\/wp-content\/uploads\/2024\/02\/Fahrradflohmarkt-1.png\" data-link=\"https:\/\/www.fahrradstadt-pforzheim.de\/fahrradflohmarkt-1\/\" class=\"wp-image-2381\" srcset=\"https:\/\/www.fahrradstadt-pforzheim.de\/wp-content\/uploads\/2024\/02\/Fahrradflohmarkt-1.png 600w, https:\/\/www.fahrradstadt-pforzheim.de\/wp-content\/uploads\/2024\/02\/Fahrradflohmarkt-1-300x200.png 300w\" sizes=\"(max-width: 600px) 100vw, 600px\" \/><\/figure><\/li><\/ul><figcaption class=\"blocks-gallery-caption\"><em>Fahrradmarkt in der Simmlerstra\u00dfe 10 &#8211; Copyright: <a href=\"https:\/\/www.q-printsandservice.de\/wp-content\/uploads\/Fahrradflohmarkt-1.png\" target=\"_blank\" rel=\"noreferrer noopener\">Q-PRINTS &amp; SERVICE<\/a><\/em><\/figcaption><\/figure>\n","protected":false},"excerpt":{"rendered":"<p>Die soziale Fahrradwerkstatt von Q-PRINTS &amp; SERVICE, mit der wir schon lange toll kooperieren, veranstaltet am Samstag, 2. M\u00e4rz, von 10 bis 15 Uhr wieder einen gro\u00dfen Fahrradmarkt in der Simmlerstra\u00dfe 10. Wenn ihr gerade auf der Suche seid, k\u00f6nnt ihr dort zu sozialen Preisen instandgesetzte gebrauchte Damen-, Herren- und Kinderr\u00e4der erwerben. Vorbeischauen lohnt auf [&hellip;]<\/p>\n","protected":false},"author":4,"featured_media":2381,"comment_status":"closed","ping_status":"open","sticky":false,"template":"","format":"standard","meta":[],"categories":[3,4],"tags":[90,91],"_links":{"self":[{"href":"https:\/\/www.fahrradstadt-pforzheim.de\/index.php\/wp-json\/wp\/v2\/posts\/2382"}],"collection":[{"href":"https:\/\/www.fahrradstadt-pforzheim.de\/index.php\/wp-json\/wp\/v2\/posts"}],"about":[{"href":"https:\/\/www.fahrradstadt-pforzheim.de\/index.php\/wp-json\/wp\/v2\/types\/post"}],"author":[{"embeddable":true,"href":"https:\/\/www.fahrradstadt-pforzheim.de\/index.php\/wp-json\/wp\/v2\/users\/4"}],"replies":[{"embeddable":true,"href":"https:\/\/www.fahrradstadt-pforzheim.de\/index.php\/wp-json\/wp\/v2\/comments?post=2382"}],"version-history":[{"count":3,"href":"https:\/\/www.fahrradstadt-pforzheim.de\/index.php\/wp-json\/wp\/v2\/posts\/2382\/revisions"}],"predecessor-version":[{"id":2385,"href":"https:\/\/www.fahrradstadt-pforzheim.de\/index.php\/wp-json\/wp\/v2\/posts\/2382\/revisions\/2385"}],"wp:featuredmedia":[{"embeddable":true,"href":"https:\/\/www.fahrradstadt-pforzheim.de\/index.php\/wp-json\/wp\/v2\/media\/2381"}],"wp:attachment":[{"href":"https:\/\/www.fahrradstadt-pforzheim.de\/index.php\/wp-json\/wp\/v2\/media?parent=2382"}],"wp:term":[{"taxonomy":"category","embeddable":true,"href":"https:\/\/www.fahrradstadt-pforzheim.de\/index.php\/wp-json\/wp\/v2\/categories?post=2382"},{"taxonomy":"post_tag","embeddable":true,"href":"https:\/\/www.fahrradstadt-pforzheim.de\/index.php\/wp-json\/wp\/v2\/tags?post=2382"}],"curies":[{"name":"wp","href":"https:\/\/api.w.org\/{rel}","templated":true}]}}