{"id":2426,"date":"2024-04-11T22:34:54","date_gmt":"2024-04-11T20:34:54","guid":{"rendered":"https:\/\/www.fahrradstadt-pforzheim.de\/?p=2426"},"modified":"2024-05-15T21:37:24","modified_gmt":"2024-05-15T19:37:24","slug":"26-04-diskussion-mit-kandidierenden-der-kommunalwahl-2024","status":"publish","type":"post","link":"https:\/\/www.fahrradstadt-pforzheim.de\/index.php\/2024\/04\/11\/26-04-diskussion-mit-kandidierenden-der-kommunalwahl-2024\/","title":{"rendered":"26.04. nach der Critical Mass: Film und Diskussion mit Kandidierenden der Kommunalwahl 2024"},"content":{"rendered":"\n<figure class=\"wp-block-image size-large\"><a href=\"https:\/\/www.kommunalwahl-bw.de\/kommunalwahlen-2024\"><img loading=\"lazy\" width=\"1030\" height=\"549\" src=\"https:\/\/www.fahrradstadt-pforzheim.de\/wp-content\/uploads\/2024\/03\/wahlurne-kommunalwahl-2024_1200_01-1030x549.png\" alt=\"Person wirft Wahlschein in Wahlurne mit Titel \u201eKommunalwahlen 2024\u201c\" class=\"wp-image-2427\" srcset=\"https:\/\/www.fahrradstadt-pforzheim.de\/wp-content\/uploads\/2024\/03\/wahlurne-kommunalwahl-2024_1200_01-1030x549.png 1030w, https:\/\/www.fahrradstadt-pforzheim.de\/wp-content\/uploads\/2024\/03\/wahlurne-kommunalwahl-2024_1200_01-300x160.png 300w, https:\/\/www.fahrradstadt-pforzheim.de\/wp-content\/uploads\/2024\/03\/wahlurne-kommunalwahl-2024_1200_01-768x410.png 768w, https:\/\/www.fahrradstadt-pforzheim.de\/wp-content\/uploads\/2024\/03\/wahlurne-kommunalwahl-2024_1200_01-705x376.png 705w, https:\/\/www.fahrradstadt-pforzheim.de\/wp-content\/uploads\/2024\/03\/wahlurne-kommunalwahl-2024_1200_01.png 1200w\" sizes=\"(max-width: 1030px) 100vw, 1030px\" \/><\/a><\/figure>\n\n\n\n<p>Mit Blick auf die <a rel=\"noreferrer noopener\" href=\"https:\/\/www.kommunalwahl-bw.de\/kommunalwahlen-2024\" target=\"_blank\">Kommunalwahlen im Juni<\/a> laden wir euch am 26. April im Anschluss an die <a rel=\"noreferrer noopener\" href=\"https:\/\/www.fahrradstadt-pforzheim.de\/index.php\/category\/critical-mass\/\" target=\"_blank\">Critical Mass<\/a> gemeinsam mit dem <a rel=\"noreferrer noopener\" href=\"https:\/\/www.adfc-bw.de\/pforzheim\/adfc-pforzheim-enzkreis\/\" target=\"_blank\">ADFC Pforzheim-Enzkreis<\/a> und dem Kommunalen Kino zu einem <a rel=\"noreferrer noopener\" href=\"https:\/\/kommunales-kino-pforzheim.de\/movie\/wie-gelingt-die-verkehrswende\" target=\"_blank\">Film- und Diskussionsabend mit Kandidierenden der Kommunalwahl 2024<\/a> \u00fcber Verkehrswende, Radverkehrspolitik und die verkehrspolitischen Ziele in Pforzheim ein. <\/p>\n\n\n\n<p>Von den in Pforzheim <a rel=\"noreferrer noopener\" href=\"https:\/\/www.komoot.com\/de-de\/tour\/1505527125\" target=\"_blank\">antretenden Listen<\/a> haben wir dazu nach Bekanntgabe durch das Wahlamt je ein*e Vertreter*in zur Diskussion eingeladen. Der politische Abend wird moderiert von unseren Aktiven Christine Fischer und Bastian Wetzke. Sie sind beide im <a rel=\"noreferrer noopener\" href=\"https:\/\/www.adfc-bw.de\/pforzheim\/infos-kontakte\/vorstand\/\" target=\"_blank\">Vorstand des ADFC Pforzheim-Enzkreis<\/a> und von Beginn an bei der Critical Mass Pforzheim aktiv.<\/p>\n\n\n\n<p>Zur Einstimmung auf die politische Debatte zeigt das Kommunale Kino die mit dem &#8222;Zukunftsfilmpreis der \u00d6kofilmtour 2023&#8220; ausgezeichnete arte-Dokumentation <a rel=\"noreferrer noopener\" href=\"https:\/\/www.thurnfilm.de\/wie-gelingt-die-verkehrswende-metropolen-in-bewegung\/\" target=\"_blank\">\u201eWie gelingt die Verkehrswende? Metropolen in Bewegung&#8220;<\/a> von Johan von Mirbach. Der Film zeigt mit Beispielen aus Barcelona, Berlin, Kopenhagen und Paris, wie Stadtplaner:innen<em> <\/em>und Politiker:innen auf der ganzen Welt versuchen, ihre St\u00e4dte lebenswerter zu machen. Die vorgestellten Umgestaltungskonzepte motivieren zu Nachahmungsprojekten und bieten den anwesenden Lokalpolitiker:innen damit eine inspirierende Diskussionsgrundlage.<\/p>\n\n\n\n<figure class=\"wp-block-image size-large\"><a href=\"https:\/\/www.thurnfilm.de\/wie-gelingt-die-verkehrswende-metropolen-in-bewegung\/\"><img loading=\"lazy\" width=\"1024\" height=\"768\" src=\"https:\/\/www.fahrradstadt-pforzheim.de\/wp-content\/uploads\/2024\/03\/Verkehrswende_mit-Laurels-1024x768-1.jpg\" alt=\"Filmplakat \u201eWie gelingt die Verkehrswende?\u201c\" class=\"wp-image-2428\" srcset=\"https:\/\/www.fahrradstadt-pforzheim.de\/wp-content\/uploads\/2024\/03\/Verkehrswende_mit-Laurels-1024x768-1.jpg 1024w, https:\/\/www.fahrradstadt-pforzheim.de\/wp-content\/uploads\/2024\/03\/Verkehrswende_mit-Laurels-1024x768-1-300x225.jpg 300w, https:\/\/www.fahrradstadt-pforzheim.de\/wp-content\/uploads\/2024\/03\/Verkehrswende_mit-Laurels-1024x768-1-768x576.jpg 768w, https:\/\/www.fahrradstadt-pforzheim.de\/wp-content\/uploads\/2024\/03\/Verkehrswende_mit-Laurels-1024x768-1-705x529.jpg 705w\" sizes=\"(max-width: 1024px) 100vw, 1024px\" \/><\/a><figcaption>Filmplakat \u201eWie gelingt die Verkehrswende?\u201c<\/figcaption><\/figure>\n\n\n\n<blockquote class=\"wp-block-quote\"><p>\u201eDu bekommst genau das Verkehrsmittel, dass du dir einl\u00e4dst!\u201c Kopenhagen wurde f\u00fcr Fu\u00dfg\u00e4nger und Radfahrer konstruiert \u2013 die Gesundheit und das Wohlbefinden der B\u00fcrger stieg dadurch enorm. Es ist beeindruckend zu sehen, welche Motivation von den Hauptakteur*innen der jeweiligen St\u00e4dte ausgeht, und was man alles tun kann, wenn die Politik dahintersteht. Der Zukunftsfilmpreis geht an die Dokumentation, weil sie uns eindrucksvoll zeigt, wie die Zukunft unserer St\u00e4dte aussehen k\u00f6nnte.<\/p><cite>Jurybegr\u00fcndung der <a href=\"https:\/\/oekofilmtour.de\/preise2023\" target=\"_blank\" rel=\"noreferrer noopener\">\u00d6kofilmtour 2023<\/a><\/cite><\/blockquote>\n","protected":false},"excerpt":{"rendered":"<p>Mit Blick auf die Kommunalwahlen im Juni laden wir euch am 26. April im Anschluss an die Critical Mass gemeinsam mit dem ADFC Pforzheim-Enzkreis und dem Kommunalen Kino zu einem Film- und Diskussionsabend mit Kandidierenden der Kommunalwahl 2024 \u00fcber Verkehrswende, Radverkehrspolitik und die verkehrspolitischen Ziele in Pforzheim ein. Von den in Pforzheim antretenden Listen haben [&hellip;]<\/p>\n","protected":false},"author":4,"featured_media":2427,"comment_status":"closed","ping_status":"open","sticky":false,"template":"","format":"standard","meta":[],"categories":[7,57,4,12,2],"tags":[13,9,78,56,88,46,71,47,61,92,23,85,40,48,69],"_links":{"self":[{"href":"https:\/\/www.fahrradstadt-pforzheim.de\/index.php\/wp-json\/wp\/v2\/posts\/2426"}],"collection":[{"href":"https:\/\/www.fahrradstadt-pforzheim.de\/index.php\/wp-json\/wp\/v2\/posts"}],"about":[{"href":"https:\/\/www.fahrradstadt-pforzheim.de\/index.php\/wp-json\/wp\/v2\/types\/post"}],"author":[{"embeddable":true,"href":"https:\/\/www.fahrradstadt-pforzheim.de\/index.php\/wp-json\/wp\/v2\/users\/4"}],"replies":[{"embeddable":true,"href":"https:\/\/www.fahrradstadt-pforzheim.de\/index.php\/wp-json\/wp\/v2\/comments?post=2426"}],"version-history":[{"count":8,"href":"https:\/\/www.fahrradstadt-pforzheim.de\/index.php\/wp-json\/wp\/v2\/posts\/2426\/revisions"}],"predecessor-version":[{"id":2481,"href":"https:\/\/www.fahrradstadt-pforzheim.de\/index.php\/wp-json\/wp\/v2\/posts\/2426\/revisions\/2481"}],"wp:featuredmedia":[{"embeddable":true,"href":"https:\/\/www.fahrradstadt-pforzheim.de\/index.php\/wp-json\/wp\/v2\/media\/2427"}],"wp:attachment":[{"href":"https:\/\/www.fahrradstadt-pforzheim.de\/index.php\/wp-json\/wp\/v2\/media?parent=2426"}],"wp:term":[{"taxonomy":"category","embeddable":true,"href":"https:\/\/www.fahrradstadt-pforzheim.de\/index.php\/wp-json\/wp\/v2\/categories?post=2426"},{"taxonomy":"post_tag","embeddable":true,"href":"https:\/\/www.fahrradstadt-pforzheim.de\/index.php\/wp-json\/wp\/v2\/tags?post=2426"}],"curies":[{"name":"wp","href":"https:\/\/api.w.org\/{rel}","templated":true}]}}