{"id":2489,"date":"2024-04-14T15:11:27","date_gmt":"2024-04-14T13:11:27","guid":{"rendered":"https:\/\/www.fahrradstadt-pforzheim.de\/?p=2489"},"modified":"2024-10-06T17:24:04","modified_gmt":"2024-10-06T15:24:04","slug":"kirschblueten-tour-von-buehl-nach-oberkirch","status":"publish","type":"post","link":"https:\/\/www.fahrradstadt-pforzheim.de\/index.php\/2024\/04\/14\/kirschblueten-tour-von-buehl-nach-oberkirch\/","title":{"rendered":"21.4. Kirschbl\u00fcten-Tour von B\u00fchl nach Oberkirch"},"content":{"rendered":"\n<p>Fahrt mit IRE (um 9.31 Uhr) \u00fcber Karlsruhe nach B\u00fchl. Von dort fahren wir auf Radwegen und kleinen Stra\u00dfen mit leichten H\u00fcgeln durch die bl\u00fchenden und duftenden Obstwiesen und kleinen Ortschaften nach Oberkirch. Dort gibt es Gelegenheit f\u00fcr eine Pause mit Imbiss oder Kaffee. Entlang des Rench-Rhein-Kanals geht es locker nach Achern, von wo wir mit der Bahn nach Pforzheim zur\u00fcckfahren.<\/p>\n\n\n\n<p><br>F\u00fcr Bio- und E-Bikes<br>Tagestour, Tourenrad, 60 km, 350 H\u00f6henmeter,<br>Einkehr unterwegs.<br>Treffpunkt: Hauptbahnhof Pforzheim (Halle) um 9.15 Uhr.<br>Kosten f\u00fcr Bahnfahrt individuell.<br>Anmeldung bei Tourenleiter Werner Sch\u00fcle,<br>Tel. und WhatsApp: 0162-7868411.<br>Start: 09:15, Pforzheim, Hauptbahnhof<br>Kosten: 3,00 \u20ac, f\u00fcr ADFC-Mitglieder 0,00 \u20ac<br>Kontakt: Werner Sch\u00fcle<\/p>\n","protected":false},"excerpt":{"rendered":"<p>Fahrt mit IRE (um 9.31 Uhr) \u00fcber Karlsruhe nach B\u00fchl. Von dort fahren wir auf Radwegen und kleinen Stra\u00dfen mit leichten H\u00fcgeln durch die bl\u00fchenden und duftenden Obstwiesen und kleinen Ortschaften nach Oberkirch. Dort gibt es Gelegenheit f\u00fcr eine Pause mit Imbiss oder Kaffee. Entlang des Rench-Rhein-Kanals geht es locker nach Achern, von wo wir [&hellip;]<\/p>\n","protected":false},"author":8,"featured_media":2490,"comment_status":"closed","ping_status":"open","sticky":false,"template":"","format":"standard","meta":[],"categories":[57],"tags":[],"_links":{"self":[{"href":"https:\/\/www.fahrradstadt-pforzheim.de\/index.php\/wp-json\/wp\/v2\/posts\/2489"}],"collection":[{"href":"https:\/\/www.fahrradstadt-pforzheim.de\/index.php\/wp-json\/wp\/v2\/posts"}],"about":[{"href":"https:\/\/www.fahrradstadt-pforzheim.de\/index.php\/wp-json\/wp\/v2\/types\/post"}],"author":[{"embeddable":true,"href":"https:\/\/www.fahrradstadt-pforzheim.de\/index.php\/wp-json\/wp\/v2\/users\/8"}],"replies":[{"embeddable":true,"href":"https:\/\/www.fahrradstadt-pforzheim.de\/index.php\/wp-json\/wp\/v2\/comments?post=2489"}],"version-history":[{"count":2,"href":"https:\/\/www.fahrradstadt-pforzheim.de\/index.php\/wp-json\/wp\/v2\/posts\/2489\/revisions"}],"predecessor-version":[{"id":2496,"href":"https:\/\/www.fahrradstadt-pforzheim.de\/index.php\/wp-json\/wp\/v2\/posts\/2489\/revisions\/2496"}],"wp:featuredmedia":[{"embeddable":true,"href":"https:\/\/www.fahrradstadt-pforzheim.de\/index.php\/wp-json\/wp\/v2\/media\/2490"}],"wp:attachment":[{"href":"https:\/\/www.fahrradstadt-pforzheim.de\/index.php\/wp-json\/wp\/v2\/media?parent=2489"}],"wp:term":[{"taxonomy":"category","embeddable":true,"href":"https:\/\/www.fahrradstadt-pforzheim.de\/index.php\/wp-json\/wp\/v2\/categories?post=2489"},{"taxonomy":"post_tag","embeddable":true,"href":"https:\/\/www.fahrradstadt-pforzheim.de\/index.php\/wp-json\/wp\/v2\/tags?post=2489"}],"curies":[{"name":"wp","href":"https:\/\/api.w.org\/{rel}","templated":true}]}}