{"id":2501,"date":"2024-03-15T21:27:00","date_gmt":"2024-03-15T20:27:00","guid":{"rendered":"https:\/\/www.fahrradstadt-pforzheim.de\/?p=2501"},"modified":"2024-10-06T17:25:09","modified_gmt":"2024-10-06T15:25:09","slug":"12-5-auf-umwegen-nach-bretten","status":"publish","type":"post","link":"https:\/\/www.fahrradstadt-pforzheim.de\/index.php\/2024\/03\/15\/12-5-auf-umwegen-nach-bretten\/","title":{"rendered":"12.5. Auf Umwegen nach Bretten"},"content":{"rendered":"\n<p>Diese Tour wird durch die <a rel=\"noreferrer noopener\" href=\"https:\/\/naturfreunde-radgruppe-\" target=\"_blank\">Radgruppe der Naturfreunde Stuttgart<\/a> angeboten.<\/p>\n\n\n\n<p>Viele reizvolle Landschaften mit Ausblick und unbekannten schmucken D\u00f6rfern werden wir begegnen auf dem Weg von Pforzheim nach Bretten. Der Tourenleiter ist geologisch  bewandert, so dass uns viele interessante Einsichten \u00fcber unsere sch\u00f6ne Heimat erwarten. Von M\u00fchlacker mit dem Zug zur\u00fcck. Rucksackverpflegung. Einkehr vorgesehen.<\/p>\n\n\n\n<p>Tourenleiter: Ben van den Berg,  Tel.: (Null 152) 53545986 <\/p>\n\n\n\n<p>L\u00e4nge: ca 50 km<\/p>\n\n\n\n<p>Treffpunkt 10:03 Pforzheim Hauptbahnhof<\/p>\n\n\n\n<p>Kosten: DB + 5 \u20ac f\u00fcr G\u00e4ste<\/p>\n\n\n\n<p><\/p>\n","protected":false},"excerpt":{"rendered":"<p>Diese Tour wird durch die Radgruppe der Naturfreunde Stuttgart angeboten. Viele reizvolle Landschaften mit Ausblick und unbekannten schmucken D\u00f6rfern werden wir begegnen auf dem Weg von Pforzheim nach Bretten. Der Tourenleiter ist geologisch bewandert, so dass uns viele interessante Einsichten \u00fcber unsere sch\u00f6ne Heimat erwarten. Von M\u00fchlacker mit dem Zug zur\u00fcck. Rucksackverpflegung. Einkehr vorgesehen. Tourenleiter: [&hellip;]<\/p>\n","protected":false},"author":8,"featured_media":2511,"comment_status":"closed","ping_status":"open","sticky":false,"template":"","format":"standard","meta":[],"categories":[57],"tags":[],"_links":{"self":[{"href":"https:\/\/www.fahrradstadt-pforzheim.de\/index.php\/wp-json\/wp\/v2\/posts\/2501"}],"collection":[{"href":"https:\/\/www.fahrradstadt-pforzheim.de\/index.php\/wp-json\/wp\/v2\/posts"}],"about":[{"href":"https:\/\/www.fahrradstadt-pforzheim.de\/index.php\/wp-json\/wp\/v2\/types\/post"}],"author":[{"embeddable":true,"href":"https:\/\/www.fahrradstadt-pforzheim.de\/index.php\/wp-json\/wp\/v2\/users\/8"}],"replies":[{"embeddable":true,"href":"https:\/\/www.fahrradstadt-pforzheim.de\/index.php\/wp-json\/wp\/v2\/comments?post=2501"}],"version-history":[{"count":4,"href":"https:\/\/www.fahrradstadt-pforzheim.de\/index.php\/wp-json\/wp\/v2\/posts\/2501\/revisions"}],"predecessor-version":[{"id":2507,"href":"https:\/\/www.fahrradstadt-pforzheim.de\/index.php\/wp-json\/wp\/v2\/posts\/2501\/revisions\/2507"}],"wp:featuredmedia":[{"embeddable":true,"href":"https:\/\/www.fahrradstadt-pforzheim.de\/index.php\/wp-json\/wp\/v2\/media\/2511"}],"wp:attachment":[{"href":"https:\/\/www.fahrradstadt-pforzheim.de\/index.php\/wp-json\/wp\/v2\/media?parent=2501"}],"wp:term":[{"taxonomy":"category","embeddable":true,"href":"https:\/\/www.fahrradstadt-pforzheim.de\/index.php\/wp-json\/wp\/v2\/categories?post=2501"},{"taxonomy":"post_tag","embeddable":true,"href":"https:\/\/www.fahrradstadt-pforzheim.de\/index.php\/wp-json\/wp\/v2\/tags?post=2501"}],"curies":[{"name":"wp","href":"https:\/\/api.w.org\/{rel}","templated":true}]}}