{"id":2524,"date":"2024-05-19T09:19:00","date_gmt":"2024-05-19T07:19:00","guid":{"rendered":"https:\/\/www.fahrradstadt-pforzheim.de\/?p=2524"},"modified":"2024-10-06T17:23:37","modified_gmt":"2024-10-06T15:23:37","slug":"26-5-historische-tour-nach-markgroeningen","status":"publish","type":"post","link":"https:\/\/www.fahrradstadt-pforzheim.de\/index.php\/2024\/05\/19\/26-5-historische-tour-nach-markgroeningen\/","title":{"rendered":"26.5. Historische Tour nach Markgr\u00f6ningen"},"content":{"rendered":"\n<p>Vom Hauptbahnhof Pforzheim fahren wir um 9.44 Uhr mit der Bahn bis Vaihingen\/Enz.<\/p>\n\n\n\n<p><br>Entlang der sch\u00f6nen alten Bahntrasse durch Vaihingen und \u00fcber Enzweihingen f\u00fchrt uns der Weg nach Markgr\u00f6ningen. Diese historische Stadt, die wir uns mit offenen Augen anschauen werden, ist sehenswert, birgt eine interessante Geschichte und bietet auch M\u00f6glichkeiten zur Einkehr. \u00dcber Gro\u00dfsachsenheim, Sersheim, Horrheim, G\u00fcndelbach, Sch\u00fctzingen, Lienzingen und M\u00fchlacker fahren wir zur\u00fcck nach Pforzheim<\/p>\n\n\n\n<p>Tagestour, Tourenrad, 60 km, 510 H\u00f6henmeter,<br>Einkehr unterwegs.<br>Anmeldung erforderlich! Kosten f\u00fcr Bahnfahrt kommen hinzu.<br>Start: 09:30, Pforzheim, Hauptbahnhof<br>Kosten: 3,00 \u20ac, f\u00fcr ADFC-Mitglieder 0,00 \u20ac<br>Kontakt: Elfriede Boyken-Henze   0173  8451779<\/p>\n","protected":false},"excerpt":{"rendered":"<p>Vom Hauptbahnhof Pforzheim fahren wir um 9.44 Uhr mit der Bahn bis Vaihingen\/Enz. Entlang der sch\u00f6nen alten Bahntrasse durch Vaihingen und \u00fcber Enzweihingen f\u00fchrt uns der Weg nach Markgr\u00f6ningen. Diese historische Stadt, die wir uns mit offenen Augen anschauen werden, ist sehenswert, birgt eine interessante Geschichte und bietet auch M\u00f6glichkeiten zur Einkehr. \u00dcber Gro\u00dfsachsenheim, Sersheim, [&hellip;]<\/p>\n","protected":false},"author":8,"featured_media":2526,"comment_status":"closed","ping_status":"open","sticky":false,"template":"","format":"standard","meta":[],"categories":[57],"tags":[109],"_links":{"self":[{"href":"https:\/\/www.fahrradstadt-pforzheim.de\/index.php\/wp-json\/wp\/v2\/posts\/2524"}],"collection":[{"href":"https:\/\/www.fahrradstadt-pforzheim.de\/index.php\/wp-json\/wp\/v2\/posts"}],"about":[{"href":"https:\/\/www.fahrradstadt-pforzheim.de\/index.php\/wp-json\/wp\/v2\/types\/post"}],"author":[{"embeddable":true,"href":"https:\/\/www.fahrradstadt-pforzheim.de\/index.php\/wp-json\/wp\/v2\/users\/8"}],"replies":[{"embeddable":true,"href":"https:\/\/www.fahrradstadt-pforzheim.de\/index.php\/wp-json\/wp\/v2\/comments?post=2524"}],"version-history":[{"count":1,"href":"https:\/\/www.fahrradstadt-pforzheim.de\/index.php\/wp-json\/wp\/v2\/posts\/2524\/revisions"}],"predecessor-version":[{"id":2527,"href":"https:\/\/www.fahrradstadt-pforzheim.de\/index.php\/wp-json\/wp\/v2\/posts\/2524\/revisions\/2527"}],"wp:featuredmedia":[{"embeddable":true,"href":"https:\/\/www.fahrradstadt-pforzheim.de\/index.php\/wp-json\/wp\/v2\/media\/2526"}],"wp:attachment":[{"href":"https:\/\/www.fahrradstadt-pforzheim.de\/index.php\/wp-json\/wp\/v2\/media?parent=2524"}],"wp:term":[{"taxonomy":"category","embeddable":true,"href":"https:\/\/www.fahrradstadt-pforzheim.de\/index.php\/wp-json\/wp\/v2\/categories?post=2524"},{"taxonomy":"post_tag","embeddable":true,"href":"https:\/\/www.fahrradstadt-pforzheim.de\/index.php\/wp-json\/wp\/v2\/tags?post=2524"}],"curies":[{"name":"wp","href":"https:\/\/api.w.org\/{rel}","templated":true}]}}