{"id":2559,"date":"2024-05-18T17:19:36","date_gmt":"2024-05-18T15:19:36","guid":{"rendered":"https:\/\/www.fahrradstadt-pforzheim.de\/?p=2559"},"modified":"2024-07-30T08:33:20","modified_gmt":"2024-07-30T06:33:20","slug":"critical-mass-und-adfc-wahlpruefsteine-zum-radverkehr","status":"publish","type":"post","link":"https:\/\/www.fahrradstadt-pforzheim.de\/index.php\/2024\/05\/18\/critical-mass-und-adfc-wahlpruefsteine-zum-radverkehr\/","title":{"rendered":"Wahlpr\u00fcfsteine zur Verkehrspolitik"},"content":{"rendered":"\n<p>Mobilit\u00e4t ist eines der zentralen Themen in der Kommunalpolitik. Wir haben daher alle Pforzheimer Kommunalwahllisten  gefragt: <\/p>\n\n\n\n<blockquote class=\"wp-block-quote\"><p>Wie halten Sie&#8217;s mit dem Radverkehr?<\/p><cite>Aktive der Critical Mass und des ADFC<\/cite><\/blockquote>\n\n\n\n<p>Eigentlich waren wir angetreten, im Internet angesichts der Kommunalwahl einen Wahl O\u2018 Rad (<a href=\"https:\/\/www.adfc-hessen.de\/aktiv\/Verkehrspolitik\/wahlhilfe\/index.html\">Wahl O\u2018 Mat f\u00fcr Radverkehr &#8211; hier der aus Hessen<\/a>) bereitzustellen. Bei der Kommunalwahlveranstaltung im Koki nach der Critical Mass am 26. April sollten die Teilnehmer Ja \/ Nein Fragen zu den <a href=\"https:\/\/www.fahrradstadt-pforzheim.de\/wp-content\/uploads\/2024\/05\/Wahlpruefsteine-zum-Radverkehr.pdf\">Positionen der Radverkehrsaktiven bei ADFC und Critical Mass <\/a>beantworten, welche dann in das Wahlentscheidungstool Eingang finden sollten. Die Webseite war am Start, die Ja \/ Nein Fragen wurden vorab verteilt &#8211; aber leider sind von allen siebzehn angefragten Listen nur gekommen:<\/p>\n\n\n\n<ul><li>B\u00fcndnis 90 Die Gr\u00fcnen: <a href=\"https:\/\/youtu.be\/qtwiqYcZ2qU\">Redebeitr\u00e4ge<\/a> \/ <a href=\"https:\/\/www.fahrradstadt-pforzheim.de\/wp-content\/uploads\/2024\/05\/Wahlpruefsteine-Buendnis-90-Die-Gruenen.pdf\">Wahlpr\u00fcfsteine<\/a><\/li><li>Gr\u00fcne Liste:                    <a href=\"https:\/\/youtu.be\/s9c98jVrycM\">Redebeitr\u00e4ge<\/a> \/ <a href=\"https:\/\/www.fahrradstadt-pforzheim.de\/wp-content\/uploads\/2024\/05\/Wahlpruefsteine-Gruene-Liste.pdf\">Wahlpr\u00fcfsteine<\/a><\/li><li>Linke:                              <a href=\"https:\/\/youtu.be\/79SqmECdk-I\">Redebeitr\u00e4ge<\/a> \/ <a href=\"https:\/\/www.fahrradstadt-pforzheim.de\/wp-content\/uploads\/2024\/05\/Wahlpruefsteine-Die-Linke.pdf\">Wahlpr\u00fcfsteine<\/a><\/li><li>Wir in Pforzheim:            <a href=\"https:\/\/youtu.be\/A3ZnNNNlnEA\">Redebeitr\u00e4ge<\/a> \/ <a href=\"https:\/\/www.fahrradstadt-pforzheim.de\/wp-content\/uploads\/2024\/05\/Wahlpruefsteine-Wir-in-Pforzheim.pdf\">Wahlpr\u00fcfsteine<\/a><\/li><li>Frauenpartei:                  <a href=\"https:\/\/youtu.be\/WSA7YpdoOzs\">Redebeitr\u00e4ge<\/a><\/li><li>Gerechtigkeitspartei:      <a href=\"https:\/\/youtu.be\/ekmcfS3IPTY\">Redebeitr\u00e4ge<\/a><\/li><li>SPD:                                <a href=\"https:\/\/youtu.be\/HtM0HPIDuHE\">Redebeitr\u00e4ge<\/a><\/li><li>Unabh\u00e4ngige B\u00fcrger:     <a href=\"https:\/\/youtu.be\/0jqA9ml_qCU\">Redebeitr\u00e4ge<\/a><\/li><\/ul>\n\n\n\n<p>Entschuldigt hatte sich<\/p>\n\n\n\n<ul><li>CDU                                <a href=\"https:\/\/www.cducsu.de\/veranstaltungen\/fachgespraech-digital-fahrradland-deutschland-eine-bessere-radverkehrsinfrastruktur-fuer-stadt-und-land\">im Bund f\u00fcr Radverkehr<\/a><\/li><\/ul>\n\n\n\n<p>&#8230; und &#8230;<\/p>\n\n\n\n<ul><li>FDP                                 <a href=\"https:\/\/www.fahrradstadt-pforzheim.de\/index.php\/2024\/05\/14\/9-6-pforzheim-endlich-schlau-machen\/\">Plakatierung gegen Radverkehrsinfrastruktur<\/a><\/li><\/ul>\n\n\n\n<p>\u2026 schlie\u00dflich war am selben Abend erstmals Wahlkampfplakatierung erlaubt. <\/p>\n\n\n\n<p>Alle anderen haben uns ignoriert. <\/p>\n\n\n\n<p>Wir hatten das Format der Veranstaltung wegen der ausschliesslich fahrradfreundlichen Pr\u00e4senz kurzerhand umgestellt und die Teilnehmer zu ihren Standpunkten zur Radverkehrspolitik befragt. Genug Zeit f\u00fcr freie Rede f\u00fcr alle \u2013 so dass sich ein vielschichtiges Bild ergibt, welches wir hier nicht bewerten wollen. Am Besten analysiert Ihr das selber noch vor der Wahl, in dem ihr Euch die Filme (oben&nbsp; verlinkt hinter dem jeweiligen Listennamen) anschaut. Wir finden jedenfalls, alle Teilnehmenden haben sich gut geschlagen, schliesslich kannten sie die Fragen &#8211; anders als bei der vorangehenden Veranstaltung zur Wahl im Kulturhaus Osterfeld &#8211; vorher nicht.<\/p>\n\n\n\n<p>So war es ein interessanter Abend f\u00fcr alle, die sich f\u00fcr Kommunalpolitik interessieren.<\/p>\n\n\n\n<p>Im Nachgang haben wir unsere <a href=\"https:\/\/www.fahrradstadt-pforzheim.de\/wp-content\/uploads\/2024\/05\/Wahlpruefsteine-zum-Radverkehr.pdf\">Ja-\/Nein- Frageb\u00f6gen<\/a> verschickt, haben aber nur R\u00fcckmeldungen von B\u00fcndnisgr\u00fcnen, Gr\u00fcner Liste, den Linken und Wir in Pforzheim erhalten. Bis auf Wir in Pforzheim teilen alle Listen unsere Positionen uneingeschr\u00e4nkt. Lediglich Wir in Pforzheim enthielt sich bei der Frage, ob der Radstreifen durch die Dooringzone in der Westlichen KF verbessert werden sollte. Die Sache mit den Spenden von der Automobilindustrie haben wir \u00fcberpr\u00fcft, zumindest seit 2020 sind <a href=\"https:\/\/www.gruene.de\/service\/gruene-finanzen-rechenschaftsberichte-und-rechtliches\">Gr\u00fcne<\/a> und <a href=\"https:\/\/www.die-linke.de\/partei\/ueber-uns\/finanzen\/rechenschaftsberichte\/\">Linke<\/a> da nicht nachvollziehbar gesponsort worden. Und jetzt &#8230;<\/p>\n\n\n\n<blockquote class=\"wp-block-quote\"><p>Leute, geht w\u00e4hlen!<\/p><\/blockquote>\n","protected":false},"excerpt":{"rendered":"<p>Mobilit\u00e4t ist eines der zentralen Themen in der Kommunalpolitik. Wir haben daher alle Pforzheimer Kommunalwahllisten gefragt: Wie halten Sie&#8217;s mit dem Radverkehr? Aktive der Critical Mass und des ADFC Eigentlich waren wir angetreten, im Internet angesichts der Kommunalwahl einen Wahl O\u2018 Rad (Wahl O\u2018 Mat f\u00fcr Radverkehr &#8211; hier der aus Hessen) bereitzustellen. Bei der [&hellip;]<\/p>\n","protected":false},"author":7,"featured_media":2427,"comment_status":"closed","ping_status":"open","sticky":false,"template":"","format":"standard","meta":[],"categories":[12,2],"tags":[13,18,19,14,110,29,113,112,22,115,85,20,111,114],"_links":{"self":[{"href":"https:\/\/www.fahrradstadt-pforzheim.de\/index.php\/wp-json\/wp\/v2\/posts\/2559"}],"collection":[{"href":"https:\/\/www.fahrradstadt-pforzheim.de\/index.php\/wp-json\/wp\/v2\/posts"}],"about":[{"href":"https:\/\/www.fahrradstadt-pforzheim.de\/index.php\/wp-json\/wp\/v2\/types\/post"}],"author":[{"embeddable":true,"href":"https:\/\/www.fahrradstadt-pforzheim.de\/index.php\/wp-json\/wp\/v2\/users\/7"}],"replies":[{"embeddable":true,"href":"https:\/\/www.fahrradstadt-pforzheim.de\/index.php\/wp-json\/wp\/v2\/comments?post=2559"}],"version-history":[{"count":16,"href":"https:\/\/www.fahrradstadt-pforzheim.de\/index.php\/wp-json\/wp\/v2\/posts\/2559\/revisions"}],"predecessor-version":[{"id":2664,"href":"https:\/\/www.fahrradstadt-pforzheim.de\/index.php\/wp-json\/wp\/v2\/posts\/2559\/revisions\/2664"}],"wp:featuredmedia":[{"embeddable":true,"href":"https:\/\/www.fahrradstadt-pforzheim.de\/index.php\/wp-json\/wp\/v2\/media\/2427"}],"wp:attachment":[{"href":"https:\/\/www.fahrradstadt-pforzheim.de\/index.php\/wp-json\/wp\/v2\/media?parent=2559"}],"wp:term":[{"taxonomy":"category","embeddable":true,"href":"https:\/\/www.fahrradstadt-pforzheim.de\/index.php\/wp-json\/wp\/v2\/categories?post=2559"},{"taxonomy":"post_tag","embeddable":true,"href":"https:\/\/www.fahrradstadt-pforzheim.de\/index.php\/wp-json\/wp\/v2\/tags?post=2559"}],"curies":[{"name":"wp","href":"https:\/\/api.w.org\/{rel}","templated":true}]}}