{"id":2777,"date":"2024-10-04T14:13:31","date_gmt":"2024-10-04T12:13:31","guid":{"rendered":"https:\/\/www.fahrradstadt-pforzheim.de\/?p=2777"},"modified":"2025-01-08T19:07:28","modified_gmt":"2025-01-08T18:07:28","slug":"fahrradaktion-zum-welt-maedchentag-am-12-10-24","status":"publish","type":"post","link":"https:\/\/www.fahrradstadt-pforzheim.de\/index.php\/2024\/10\/04\/fahrradaktion-zum-welt-maedchentag-am-12-10-24\/","title":{"rendered":"Fahrradaktion zum Welt-M\u00e4dchentag am 12.10.24"},"content":{"rendered":"\n<p>Am Samstag, 12.10.2024, beteiligen wir uns wieder mit einer Fahrradaktion am <a href=\"https:\/\/www.weltmaedchentag-pforzheim.de\/\" data-type=\"URL\" data-id=\"https:\/\/www.weltmaedchentag-pforzheim.de\/\">Pforzheimer Welt-M\u00e4dchentag<\/a>. Wir laden alle interessierten M\u00e4dchen herzlich ein, bei unserem Fahrradparcours von <strong>14 bis 16 Uhr an der Nordstadtschule<\/strong> mitzumachen. Hier k\u00f6nnen die M\u00e4dchen ihre F\u00e4higkeiten trainieren, um sich auf dem Fahrrad sicher zu f\u00fchlen und auf unterschiedliche Situationen im Stra\u00dfenverkehr vorbereitet zu sein. F\u00fcr alle, die kein eigenes Fahrrad mitbringen, stehen Leihr\u00e4der zur Verf\u00fcgung. Au\u00dferdem geben wir Tipps f\u00fcr ein verkehrssicheres und funktionst\u00fcchtiges Fahrrad und zeigen einfache Reparaturarbeiten. Und das Mitmachen lohnt sich nicht nur deswegen: Unter allen teilnehmenden M\u00e4dchen verlosen wir einen Gutschein der Fahrradwerkstatt von Q-Prints.<\/p>\n\n\n\n<p>Mit unserer Fahrrad-Aktion m\u00f6chten wir mehr M\u00e4dchen dazu ermutigen, mit dem Rad zu fahren und sich selbst\u00e4ndig in der Stadt zu bewegen. Uns f\u00e4llt bei derartigen Aktioinen immer wieder auf, dass viele der Teilnehmerinnen kein eigenes Fahrrad oder kein Fahrrad in der passenden Gr\u00f6\u00dfe besitzen und daher auch nur wenig ge\u00fcbt im Radfahren sind. Gleichzeitig k\u00f6nnen wir jedes Mal beobachten, wie die M\u00e4dchen mit jeder Runde sicherer werden, an Selbstvertrauen gewannen und dabei sichtlich Spa\u00df haben.<\/p>\n\n\n\n<p>Die Fahrradaktion wird gemeinsam veranstaltet von: ADFC Pforzheim, Critical Mass Pforzheim, VCD Pforzheim Enzkreis, Q-Prints Pforzheim und DKSB Pforzheim<\/p>\n","protected":false},"excerpt":{"rendered":"<p>Am Samstag, 12.10.2024, beteiligen wir uns wieder mit einer Fahrradaktion am Pforzheimer Welt-M\u00e4dchentag. Wir laden alle interessierten M\u00e4dchen herzlich ein, bei unserem Fahrradparcours von 14 bis 16 Uhr an der Nordstadtschule mitzumachen. Hier k\u00f6nnen die M\u00e4dchen ihre F\u00e4higkeiten trainieren, um sich auf dem Fahrrad sicher zu f\u00fchlen und auf unterschiedliche Situationen im Stra\u00dfenverkehr vorbereitet zu [&hellip;]<\/p>\n","protected":false},"author":9,"featured_media":2778,"comment_status":"closed","ping_status":"open","sticky":false,"template":"","format":"standard","meta":[],"categories":[7,57,99],"tags":[56,100],"_links":{"self":[{"href":"https:\/\/www.fahrradstadt-pforzheim.de\/index.php\/wp-json\/wp\/v2\/posts\/2777"}],"collection":[{"href":"https:\/\/www.fahrradstadt-pforzheim.de\/index.php\/wp-json\/wp\/v2\/posts"}],"about":[{"href":"https:\/\/www.fahrradstadt-pforzheim.de\/index.php\/wp-json\/wp\/v2\/types\/post"}],"author":[{"embeddable":true,"href":"https:\/\/www.fahrradstadt-pforzheim.de\/index.php\/wp-json\/wp\/v2\/users\/9"}],"replies":[{"embeddable":true,"href":"https:\/\/www.fahrradstadt-pforzheim.de\/index.php\/wp-json\/wp\/v2\/comments?post=2777"}],"version-history":[{"count":2,"href":"https:\/\/www.fahrradstadt-pforzheim.de\/index.php\/wp-json\/wp\/v2\/posts\/2777\/revisions"}],"predecessor-version":[{"id":2780,"href":"https:\/\/www.fahrradstadt-pforzheim.de\/index.php\/wp-json\/wp\/v2\/posts\/2777\/revisions\/2780"}],"wp:featuredmedia":[{"embeddable":true,"href":"https:\/\/www.fahrradstadt-pforzheim.de\/index.php\/wp-json\/wp\/v2\/media\/2778"}],"wp:attachment":[{"href":"https:\/\/www.fahrradstadt-pforzheim.de\/index.php\/wp-json\/wp\/v2\/media?parent=2777"}],"wp:term":[{"taxonomy":"category","embeddable":true,"href":"https:\/\/www.fahrradstadt-pforzheim.de\/index.php\/wp-json\/wp\/v2\/categories?post=2777"},{"taxonomy":"post_tag","embeddable":true,"href":"https:\/\/www.fahrradstadt-pforzheim.de\/index.php\/wp-json\/wp\/v2\/tags?post=2777"}],"curies":[{"name":"wp","href":"https:\/\/api.w.org\/{rel}","templated":true}]}}