{"id":2881,"date":"2025-01-15T01:30:11","date_gmt":"2025-01-15T00:30:11","guid":{"rendered":"https:\/\/www.fahrradstadt-pforzheim.de\/?p=2881"},"modified":"2025-02-09T23:34:55","modified_gmt":"2025-02-09T22:34:55","slug":"02-februar-2025-gedenkfahrt-fuer-natenom","status":"publish","type":"post","link":"https:\/\/www.fahrradstadt-pforzheim.de\/index.php\/2025\/01\/15\/02-februar-2025-gedenkfahrt-fuer-natenom\/","title":{"rendered":"2. Februar 2025, 11 Uhr &#8211; Gedenkversammlung und Gedenkfahrt f\u00fcr Andreas Mandalka alias Natenom"},"content":{"rendered":"\n<figure class=\"wp-block-gallery columns-2 is-cropped\"><ul class=\"blocks-gallery-grid\"><li class=\"blocks-gallery-item\"><figure><img loading=\"lazy\" width=\"1030\" height=\"1030\" src=\"https:\/\/www.fahrradstadt-pforzheim.de\/wp-content\/uploads\/2025\/01\/2501_Gedenkfahrt_Sharepic_-1030x1030.jpg\" alt=\"Sharepic f\u00fcr die Gedenkfahrt f\u00fcr Natenom am 02.02.2025\" data-id=\"2884\" data-full-url=\"https:\/\/www.fahrradstadt-pforzheim.de\/wp-content\/uploads\/2025\/01\/2501_Gedenkfahrt_Sharepic_.jpg\" data-link=\"https:\/\/www.fahrradstadt-pforzheim.de\/2501_gedenkfahrt_sharepic_\/\" class=\"wp-image-2884\" srcset=\"https:\/\/www.fahrradstadt-pforzheim.de\/wp-content\/uploads\/2025\/01\/2501_Gedenkfahrt_Sharepic_-1030x1030.jpg 1030w, https:\/\/www.fahrradstadt-pforzheim.de\/wp-content\/uploads\/2025\/01\/2501_Gedenkfahrt_Sharepic_-300x300.jpg 300w, https:\/\/www.fahrradstadt-pforzheim.de\/wp-content\/uploads\/2025\/01\/2501_Gedenkfahrt_Sharepic_-80x80.jpg 80w, https:\/\/www.fahrradstadt-pforzheim.de\/wp-content\/uploads\/2025\/01\/2501_Gedenkfahrt_Sharepic_-768x768.jpg 768w, https:\/\/www.fahrradstadt-pforzheim.de\/wp-content\/uploads\/2025\/01\/2501_Gedenkfahrt_Sharepic_-1536x1536.jpg 1536w, https:\/\/www.fahrradstadt-pforzheim.de\/wp-content\/uploads\/2025\/01\/2501_Gedenkfahrt_Sharepic_-2048x2048.jpg 2048w, https:\/\/www.fahrradstadt-pforzheim.de\/wp-content\/uploads\/2025\/01\/2501_Gedenkfahrt_Sharepic_-36x36.jpg 36w, https:\/\/www.fahrradstadt-pforzheim.de\/wp-content\/uploads\/2025\/01\/2501_Gedenkfahrt_Sharepic_-180x180.jpg 180w, https:\/\/www.fahrradstadt-pforzheim.de\/wp-content\/uploads\/2025\/01\/2501_Gedenkfahrt_Sharepic_-1500x1500.jpg 1500w, https:\/\/www.fahrradstadt-pforzheim.de\/wp-content\/uploads\/2025\/01\/2501_Gedenkfahrt_Sharepic_-705x705.jpg 705w\" sizes=\"(max-width: 1030px) 100vw, 1030px\" \/><\/figure><\/li><li class=\"blocks-gallery-item\"><figure><img loading=\"lazy\" width=\"1030\" height=\"1030\" src=\"https:\/\/www.fahrradstadt-pforzheim.de\/wp-content\/uploads\/2024\/10\/2502_Gedenkfahrt_Sharepic_3-1030x1030.jpg\" alt=\"Sharepic f\u00fcr die Gedenkfahrt f\u00fcr Natenom am 02.02.2025\" data-id=\"2822\" data-full-url=\"https:\/\/www.fahrradstadt-pforzheim.de\/wp-content\/uploads\/2024\/10\/2502_Gedenkfahrt_Sharepic_3.jpg\" data-link=\"https:\/\/www.fahrradstadt-pforzheim.de\/2502_gedenkfahrt_sharepic_3\/\" class=\"wp-image-2822\" srcset=\"https:\/\/www.fahrradstadt-pforzheim.de\/wp-content\/uploads\/2024\/10\/2502_Gedenkfahrt_Sharepic_3-1030x1030.jpg 1030w, https:\/\/www.fahrradstadt-pforzheim.de\/wp-content\/uploads\/2024\/10\/2502_Gedenkfahrt_Sharepic_3-300x300.jpg 300w, https:\/\/www.fahrradstadt-pforzheim.de\/wp-content\/uploads\/2024\/10\/2502_Gedenkfahrt_Sharepic_3-80x80.jpg 80w, https:\/\/www.fahrradstadt-pforzheim.de\/wp-content\/uploads\/2024\/10\/2502_Gedenkfahrt_Sharepic_3-768x768.jpg 768w, https:\/\/www.fahrradstadt-pforzheim.de\/wp-content\/uploads\/2024\/10\/2502_Gedenkfahrt_Sharepic_3-1536x1536.jpg 1536w, https:\/\/www.fahrradstadt-pforzheim.de\/wp-content\/uploads\/2024\/10\/2502_Gedenkfahrt_Sharepic_3-2048x2048.jpg 2048w, https:\/\/www.fahrradstadt-pforzheim.de\/wp-content\/uploads\/2024\/10\/2502_Gedenkfahrt_Sharepic_3-36x36.jpg 36w, https:\/\/www.fahrradstadt-pforzheim.de\/wp-content\/uploads\/2024\/10\/2502_Gedenkfahrt_Sharepic_3-180x180.jpg 180w, https:\/\/www.fahrradstadt-pforzheim.de\/wp-content\/uploads\/2024\/10\/2502_Gedenkfahrt_Sharepic_3-1500x1500.jpg 1500w, https:\/\/www.fahrradstadt-pforzheim.de\/wp-content\/uploads\/2024\/10\/2502_Gedenkfahrt_Sharepic_3-705x705.jpg 705w\" sizes=\"(max-width: 1030px) 100vw, 1030px\" \/><\/figure><\/li><\/ul><figcaption class=\"blocks-gallery-caption\"><em>Sharepics f\u00fcr die Gedenkfahrt zum Weiterverteilen<\/em><\/figcaption><\/figure>\n\n\n\n<p>Vor einem Jahr, am 30.01.2024, ist unser Freund und Mitstreiter <a rel=\"noreferrer noopener\" href=\"https:\/\/www.fahrradstadt-pforzheim.de\/index.php\/2024\/01\/31\/natenoms-nachruf\/\" target=\"_blank\">Andreas Mandalka alias Natenom<\/a> von einem Autofahrer t\u00f6dlich \u00fcberfahren worden, als er mit dem Fahrrad auf der Landstra\u00dfe unterwegs war. Anl\u00e4sslich seines Todestags f\u00fchren wir am Sonntag, 02.02.2025, f\u00fcr Andreas und alle anderen Menschen, die im Verkehr get\u00f6tet oder schwer verletzt worden sind, eine Gedenkversammlung durch.  <\/p>\n\n\n\n<p><strong>Treffpunkt:<br>Sonntag, 02.02.2025, 11.00 Uhr<\/strong><br><strong>vor der Staatsanwaltschaft Pforzheim<\/strong><br><strong>Lindenstra\u00dfe 3, 75175 Pforzheim <\/strong>(N\u00e4he Hauptbahnhof Pforzheim)<\/p>\n\n\n\n<p>Mit der angemeldeten Kundgebung vor der Staatsanwaltschaft Pforzheim wollen wir gemeinsam ein starkes Zeichen f\u00fcr die Umsetzung der <a rel=\"noreferrer noopener\" href=\"https:\/\/www.dvr.de\/ueber-uns\/vision-zero\" target=\"_blank\">Vision Zero im Stra\u00dfenverkehr<\/a> setzen: <\/p>\n\n\n\n<ul><li><strong><em>Stra\u00dfen sind f\u00fcr alle da!<\/em><\/strong> Unsere Verkehrswege sollten allen Menschen erm\u00f6glichen, sich &#8211; unabh\u00e4ngig vom Verkehrsmittel &#8211; sicher zu bewegen. <\/li><li><strong><em>Das Leben ist nicht verhandelbar!<\/em><\/strong> Staat, Land, Kreise und Kommunen m\u00fcssen ihr Handeln auf allen Ebenen an der Unversehrtheit von uns Menschen ausrichten. <\/li><li><strong><em>Je st\u00e4rker das Verkehrsmittel, umso mehr Kontrolldruck!<\/em><\/strong> Beh\u00f6rden, Staatsanwaltschaft und Polizei m\u00fcssen insbesondere schwache Verkehrsteilnehmende besser sch\u00fctzen.<\/li><\/ul>\n\n\n\n<p><strong>Programm:<\/strong><\/p>\n\n\n\n<p>Zu Beginn der Gedenkversammlung sprechen:<\/p>\n\n\n\n<ul><li>Nora Bendig, <a rel=\"noreferrer noopener\" href=\"https:\/\/natenom.org\/\" target=\"_blank\">Natenom e.V.<\/a> <\/li><li>Siegfried Sch\u00fcle f\u00fcr Andreas lokale Wegbegleiter*innen von Radverkehrsinitiative <a rel=\"noreferrer noopener\" href=\"https:\/\/www.fahrradstadt-pforzheim.de\/\" target=\"_blank\">Critical Mass Pforzheim<\/a> und <a rel=\"noreferrer noopener\" href=\"https:\/\/www.adfc-bw.de\/pforzheim\/adfc-pforzheim-enzkreis\/\" target=\"_blank\">ADFC Pforzheim-Enzkreis<\/a><\/li><li>Fahrradaktivistin Ulrike Medger (alias <a rel=\"noreferrer noopener\" href=\"https:\/\/bsky.app\/profile\/azetbur.bsky.social\" target=\"_blank\">Agathe Bauer<\/a> alias <a rel=\"noreferrer noopener\" href=\"http:\/\/www.youtube.com\/@azetbur\" target=\"_blank\">@azetbur<\/a>)<\/li><li>Mirjam Brinkmann, <a rel=\"noreferrer noopener\" href=\"https:\/\/bw.adfc.de\/person\/mirjam-brinkmann\" target=\"_blank\">Referentin Mobilit\u00e4t &amp; Verkehr beim ADFC Baden-W\u00fcrttemberg<\/a><\/li><li>Petra Schulz, <a rel=\"noreferrer noopener\" href=\"https:\/\/bw.vcd.org\/der-vcd-in-bw\/landesverband-bw\/ueber-uns\/page\" target=\"_blank\">Landesvorstand VCD Baden-W\u00fcrttemberg<\/a><\/li><li>Falko G\u00f6rres, <a rel=\"noreferrer noopener\" href=\"https:\/\/www.adfc-frankfurt.de\/\" target=\"_blank\">ADFC Frankfurt am Main<\/a><\/li><\/ul>\n\n\n\n<p><em>(Axel Fell, <a rel=\"noreferrer noopener\" href=\"https:\/\/nrw.adfc.de\/person\/axel-fell\" target=\"_blank\">Landesvorsitzender ADFC Nordrhein-Westfahlen<\/a>, und <span style=\"font-size: revert; color: initial;\">Katja Diehl, <\/span><a rel=\"noreferrer noopener\" style=\"font-size: revert;\" href=\"https:\/\/katja-diehl.de\/\" target=\"_blank\">Mobilit\u00e4tsexpertin, Podcasterin und Autorin<\/a> haben kurzfristig leider krankheitsbedingt ihre Teilnahme absagen m\u00fcssen.)<\/em><\/p>\n\n\n\n<p>Anschlie\u00dfend fahren wir im Gedenken an unseren Freund und Mitstreiter die Hausstrecke von Andreas, auf welcher er am 30.01.2024 t\u00f6dlich \u00fcberfahren worden ist. Zu Beginn der Gedenkfahrt und bei einer Pause in seinem Wohnort Hohenwart singen wir in Erinnerung an Andreas gemeinsam mit <a rel=\"noreferrer noopener\" href=\"https:\/\/subium.com\/profile\/fraulaut.bsky.social\" target=\"_blank\">Frau Laut alias Radltante<\/a> ein Lied in seinem Sinn (hier der <a href=\"https:\/\/www.fahrradstadt-pforzheim.de\/wp-content\/uploads\/2025\/01\/Liedtext-Gedenkfahrt-Natenom-02.02.2025.pdf\" target=\"_blank\" rel=\"noreferrer noopener\">Text zum Ausdrucken<\/a>). An der traurigen Unfallstelle auf der L574 zwischen Schellbronn und Neuhausen halten wir vor Ort f\u00fcr Andreas eine Gedenkminute ab. <br>Anschlie\u00dfend fahren wir auf der gleichen Strecke nach Pforzheim zur\u00fcck.<br>(Die Gedenkfahrt ist als Demonstration angemeldet und wird von der Polizei begleitet.)<\/p>\n\n\n\n<p><strong>Organisatorische Hinweise:<\/strong><\/p>\n\n\n\n<p>Die Gedenkfahrt wird, mit Unterst\u00fctzung von Partnern aus ganz Deutschland, organisiert von der Radverkehrsinitiative <a rel=\"noreferrer noopener\" href=\"https:\/\/www.fahrradstadt-pforzheim.de\/\" target=\"_blank\">Critical Mass Pforzheim<\/a> und dem <a rel=\"noreferrer noopener\" href=\"https:\/\/www.adfc-bw.de\/pforzheim\/adfc-pforzheim-enzkreis\/\" target=\"_blank\">ADFC Pforzheim-Enzkreis<\/a>.<\/p>\n\n\n\n<p>Streckendaten:<\/p>\n\n\n\n<iframe loading=\"lazy\" src=\"https:\/\/www.komoot.com\/de-de\/tour\/1898389415\/embed?share_token=aS91WtWy6N2yS7fNyZCyAXs0IXHdn1fMaINFI5vS7KDCILXvoF&amp;profile=1\" width=\"100%\" height=\"700\" frameborder=\"0\" scrolling=\"no\"><\/iframe>\n\n\n\n<p>Hinweise f\u00fcr Teilnehmende von au\u00dferhalb:<\/p>\n\n\n\n<ul><li>Es gibt Zubringertouren aus Frankfurt am Main, Karlsruhe, Stuttgart und vielen anderen St\u00e4dten. Eine \u00dcbersicht und Infolinks findet ihr <a rel=\"noreferrer noopener\" href=\"https:\/\/www.fahrradstadt-pforzheim.de\/index.php\/2025\/01\/15\/zubringerfahrten-und-lokale-aktionen-fuer-natenom-am-02-02-2025\/\" target=\"_blank\">hier<\/a>.<\/li><li>Wenn ihr einen Schlafplatz braucht, meldet euch bitte auf einem unserer Kan\u00e4le unten. Wir versuchen gerne, private \u00dcbernachtungsm\u00f6glichkeiten zu vermitteln.<\/li><li>Wer per Bahn oder Rad bereits im Vorfeld anreist, kann zus\u00e4tzlich&#8230;<ul><li>am 30.01. ab 17.00 Uhr an der <a rel=\"noreferrer noopener\" href=\"https:\/\/www.fahrradstadt-pforzheim.de\/index.php\/2025\/01\/14\/30-januar-2025-stille-gedenkfahrt-fuer-natenom\/\" target=\"_blank\">stillen Gedenkfahrt f\u00fcr Andreas<\/a><\/li><li>am 31.01. ab 18.30 Uhr an unserer monatlichen <a rel=\"noreferrer noopener\" href=\"https:\/\/www.fahrradstadt-pforzheim.de\/index.php\/category\/critical-mass\/\" target=\"_blank\">Critical Mass<\/a> <\/li><li>und\/oder am 01.02. ab 17.00 Uhr an unserer <a rel=\"noreferrer noopener\" href=\"https:\/\/www.fahrradstadt-pforzheim.de\/index.php\/2025\/01\/14\/1-februar-2025-film-und-diskussion-mit-ingwar-perowanowitsch\/\" target=\"_blank\">Film- und Diskussionsveranstaltung mit Ingwar Perowanowitsch<\/a> teilnehmen. <\/li><\/ul><\/li><\/ul>\n\n\n\n<figure class=\"wp-block-gallery columns-1 is-cropped\"><ul class=\"blocks-gallery-grid\"><li class=\"blocks-gallery-item\"><figure><img loading=\"lazy\" width=\"1030\" height=\"1030\" src=\"https:\/\/www.fahrradstadt-pforzheim.de\/wp-content\/uploads\/2024\/10\/2502_Gedenkfahrt_Sharepic_4-1030x1030.jpg\" alt=\"Sharepic f\u00fcr die Gedenkfahrt f\u00fcr Natenom am 02.02.2025\" data-id=\"2823\" data-full-url=\"https:\/\/www.fahrradstadt-pforzheim.de\/wp-content\/uploads\/2024\/10\/2502_Gedenkfahrt_Sharepic_4.jpg\" data-link=\"https:\/\/www.fahrradstadt-pforzheim.de\/2502_gedenkfahrt_sharepic_4\/\" class=\"wp-image-2823\" srcset=\"https:\/\/www.fahrradstadt-pforzheim.de\/wp-content\/uploads\/2024\/10\/2502_Gedenkfahrt_Sharepic_4-1030x1030.jpg 1030w, https:\/\/www.fahrradstadt-pforzheim.de\/wp-content\/uploads\/2024\/10\/2502_Gedenkfahrt_Sharepic_4-300x300.jpg 300w, https:\/\/www.fahrradstadt-pforzheim.de\/wp-content\/uploads\/2024\/10\/2502_Gedenkfahrt_Sharepic_4-80x80.jpg 80w, https:\/\/www.fahrradstadt-pforzheim.de\/wp-content\/uploads\/2024\/10\/2502_Gedenkfahrt_Sharepic_4-768x768.jpg 768w, https:\/\/www.fahrradstadt-pforzheim.de\/wp-content\/uploads\/2024\/10\/2502_Gedenkfahrt_Sharepic_4-1536x1536.jpg 1536w, https:\/\/www.fahrradstadt-pforzheim.de\/wp-content\/uploads\/2024\/10\/2502_Gedenkfahrt_Sharepic_4-2048x2048.jpg 2048w, https:\/\/www.fahrradstadt-pforzheim.de\/wp-content\/uploads\/2024\/10\/2502_Gedenkfahrt_Sharepic_4-36x36.jpg 36w, https:\/\/www.fahrradstadt-pforzheim.de\/wp-content\/uploads\/2024\/10\/2502_Gedenkfahrt_Sharepic_4-180x180.jpg 180w, https:\/\/www.fahrradstadt-pforzheim.de\/wp-content\/uploads\/2024\/10\/2502_Gedenkfahrt_Sharepic_4-1500x1500.jpg 1500w, https:\/\/www.fahrradstadt-pforzheim.de\/wp-content\/uploads\/2024\/10\/2502_Gedenkfahrt_Sharepic_4-705x705.jpg 705w\" sizes=\"(max-width: 1030px) 100vw, 1030px\" \/><\/figure><\/li><\/ul><\/figure>\n\n\n\n<ul class=\"wp-block-social-links is-style-logos-only\"><li class=\"wp-social-link wp-social-link-instagram wp-block-social-link\"><a href=\"https:\/\/www.instagram.com\/criticalmasspforzheim\/\" aria-label=\"Instagram: https:\/\/www.instagram.com\/criticalmasspforzheim\/\"  class=\"wp-block-social-link-anchor\"> <svg width=\"24\" height=\"24\" viewBox=\"0 0 24 24\" version=\"1.1\" xmlns=\"http:\/\/www.w3.org\/2000\/svg\" role=\"img\" aria-hidden=\"true\" focusable=\"false\"><path d=\"M12,4.622c2.403,0,2.688,0.009,3.637,0.052c0.877,0.04,1.354,0.187,1.671,0.31c0.42,0.163,0.72,0.358,1.035,0.673 c0.315,0.315,0.51,0.615,0.673,1.035c0.123,0.317,0.27,0.794,0.31,1.671c0.043,0.949,0.052,1.234,0.052,3.637 s-0.009,2.688-0.052,3.637c-0.04,0.877-0.187,1.354-0.31,1.671c-0.163,0.42-0.358,0.72-0.673,1.035 c-0.315,0.315-0.615,0.51-1.035,0.673c-0.317,0.123-0.794,0.27-1.671,0.31c-0.949,0.043-1.233,0.052-3.637,0.052 s-2.688-0.009-3.637-0.052c-0.877-0.04-1.354-0.187-1.671-0.31c-0.42-0.163-0.72-0.358-1.035-0.673 c-0.315-0.315-0.51-0.615-0.673-1.035c-0.123-0.317-0.27-0.794-0.31-1.671C4.631,14.688,4.622,14.403,4.622,12 s0.009-2.688,0.052-3.637c0.04-0.877,0.187-1.354,0.31-1.671c0.163-0.42,0.358-0.72,0.673-1.035 c0.315-0.315,0.615-0.51,1.035-0.673c0.317-0.123,0.794-0.27,1.671-0.31C9.312,4.631,9.597,4.622,12,4.622 M12,3 C9.556,3,9.249,3.01,8.289,3.054C7.331,3.098,6.677,3.25,6.105,3.472C5.513,3.702,5.011,4.01,4.511,4.511 c-0.5,0.5-0.808,1.002-1.038,1.594C3.25,6.677,3.098,7.331,3.054,8.289C3.01,9.249,3,9.556,3,12c0,2.444,0.01,2.751,0.054,3.711 c0.044,0.958,0.196,1.612,0.418,2.185c0.23,0.592,0.538,1.094,1.038,1.594c0.5,0.5,1.002,0.808,1.594,1.038 c0.572,0.222,1.227,0.375,2.185,0.418C9.249,20.99,9.556,21,12,21s2.751-0.01,3.711-0.054c0.958-0.044,1.612-0.196,2.185-0.418 c0.592-0.23,1.094-0.538,1.594-1.038c0.5-0.5,0.808-1.002,1.038-1.594c0.222-0.572,0.375-1.227,0.418-2.185 C20.99,14.751,21,14.444,21,12s-0.01-2.751-0.054-3.711c-0.044-0.958-0.196-1.612-0.418-2.185c-0.23-0.592-0.538-1.094-1.038-1.594 c-0.5-0.5-1.002-0.808-1.594-1.038c-0.572-0.222-1.227-0.375-2.185-0.418C14.751,3.01,14.444,3,12,3L12,3z M12,7.378 c-2.552,0-4.622,2.069-4.622,4.622S9.448,16.622,12,16.622s4.622-2.069,4.622-4.622S14.552,7.378,12,7.378z M12,15 c-1.657,0-3-1.343-3-3s1.343-3,3-3s3,1.343,3,3S13.657,15,12,15z M16.804,6.116c-0.596,0-1.08,0.484-1.08,1.08 s0.484,1.08,1.08,1.08c0.596,0,1.08-0.484,1.08-1.08S17.401,6.116,16.804,6.116z\"><\/path><\/svg><\/a><\/li>\n\n<li class=\"wp-social-link wp-social-link-facebook wp-block-social-link\"><a href=\"https:\/\/www.facebook.com\/people\/Critical-Mass-Pforzheim\/100064625990671\/\" aria-label=\"Facebook: https:\/\/www.facebook.com\/people\/Critical-Mass-Pforzheim\/100064625990671\/\"  class=\"wp-block-social-link-anchor\"> <svg width=\"24\" height=\"24\" viewBox=\"0 0 24 24\" version=\"1.1\" xmlns=\"http:\/\/www.w3.org\/2000\/svg\" role=\"img\" aria-hidden=\"true\" focusable=\"false\"><path d=\"M12 2C6.5 2 2 6.5 2 12c0 5 3.7 9.1 8.4 9.9v-7H7.9V12h2.5V9.8c0-2.5 1.5-3.9 3.8-3.9 1.1 0 2.2.2 2.2.2v2.5h-1.3c-1.2 0-1.6.8-1.6 1.6V12h2.8l-.4 2.9h-2.3v7C18.3 21.1 22 17 22 12c0-5.5-4.5-10-10-10z\"><\/path><\/svg><\/a><\/li>\n\n<li class=\"wp-social-link wp-social-link-mastodon wp-block-social-link\"><a href=\"https:\/\/sueden.social\/@Fahrradstadt_Pforzheim\" aria-label=\"Mastodon: https:\/\/sueden.social\/@Fahrradstadt_Pforzheim\"  class=\"wp-block-social-link-anchor\"> <svg width=\"24\" height=\"24\" viewBox=\"0 0 24 24\" version=\"1.1\" xmlns=\"http:\/\/www.w3.org\/2000\/svg\" role=\"img\" aria-hidden=\"true\" focusable=\"false\"><path d=\"M23.193 7.879c0-5.206-3.411-6.732-3.411-6.732C18.062.357 15.108.025 12.041 0h-.076c-3.068.025-6.02.357-7.74 1.147 0 0-3.411 1.526-3.411 6.732 0 1.192-.023 2.618.015 4.129.124 5.092.934 10.109 5.641 11.355 2.17.574 4.034.695 5.535.612 2.722-.15 4.25-.972 4.25-.972l-.09-1.975s-1.945.613-4.129.539c-2.165-.074-4.449-.233-4.799-2.891a5.499 5.499 0 0 1-.048-.745s2.125.52 4.817.643c1.646.075 3.19-.097 4.758-.283 3.007-.359 5.625-2.212 5.954-3.905.517-2.665.475-6.507.475-6.507zm-4.024 6.709h-2.497V8.469c0-1.29-.543-1.944-1.628-1.944-1.2 0-1.802.776-1.802 2.312v3.349h-2.483v-3.35c0-1.536-.602-2.312-1.802-2.312-1.085 0-1.628.655-1.628 1.944v6.119H4.832V8.284c0-1.289.328-2.313.987-3.07.68-.758 1.569-1.146 2.674-1.146 1.278 0 2.246.491 2.886 1.474L12 6.585l.622-1.043c.64-.983 1.608-1.474 2.886-1.474 1.104 0 1.994.388 2.674 1.146.658.757.986 1.781.986 3.07v6.304z\"\/><\/svg><\/a><\/li>\n\n<li class=\"wp-social-link wp-social-link-mail wp-block-social-link\"><a href=\"mailto:criticalmass-pf@posteo.de\" aria-label=\"Mail: mailto:criticalmass-pf@posteo.de\"  class=\"wp-block-social-link-anchor\"> <svg width=\"24\" height=\"24\" viewBox=\"0 0 24 24\" version=\"1.1\" xmlns=\"http:\/\/www.w3.org\/2000\/svg\" role=\"img\" aria-hidden=\"true\" focusable=\"false\"><path d=\"M20,4H4C2.895,4,2,4.895,2,6v12c0,1.105,0.895,2,2,2h16c1.105,0,2-0.895,2-2V6C22,4.895,21.105,4,20,4z M20,8.236l-8,4.882 L4,8.236V6h16V8.236z\"><\/path><\/svg><\/a><\/li>\n\n<li class=\"wp-social-link wp-social-link-mail wp-block-social-link\"><a href=\"mailto:pforzheim@adfc-bw.de\" aria-label=\"Mail: mailto:pforzheim@adfc-bw.de\"  class=\"wp-block-social-link-anchor\"> <svg width=\"24\" height=\"24\" viewBox=\"0 0 24 24\" version=\"1.1\" xmlns=\"http:\/\/www.w3.org\/2000\/svg\" role=\"img\" aria-hidden=\"true\" focusable=\"false\"><path d=\"M20,4H4C2.895,4,2,4.895,2,6v12c0,1.105,0.895,2,2,2h16c1.105,0,2-0.895,2-2V6C22,4.895,21.105,4,20,4z M20,8.236l-8,4.882 L4,8.236V6h16V8.236z\"><\/path><\/svg><\/a><\/li><\/ul>\n\n\n\n<p><\/p>\n","protected":false},"excerpt":{"rendered":"<p>Vor einem Jahr, am 30.01.2024, ist unser Freund und Mitstreiter Andreas Mandalka alias Natenom von einem Autofahrer t\u00f6dlich \u00fcberfahren worden, als er mit dem Fahrrad auf der Landstra\u00dfe unterwegs war. Anl\u00e4sslich seines Todestags f\u00fchren wir am Sonntag, 02.02.2025, f\u00fcr Andreas und alle anderen Menschen, die im Verkehr get\u00f6tet oder schwer verletzt worden sind, eine Gedenkversammlung [&hellip;]<\/p>\n","protected":false},"author":4,"featured_media":2884,"comment_status":"closed","ping_status":"open","sticky":false,"template":"","format":"standard","meta":[],"categories":[7,57,12,2],"tags":[13,14,47,103,40],"_links":{"self":[{"href":"https:\/\/www.fahrradstadt-pforzheim.de\/index.php\/wp-json\/wp\/v2\/posts\/2881"}],"collection":[{"href":"https:\/\/www.fahrradstadt-pforzheim.de\/index.php\/wp-json\/wp\/v2\/posts"}],"about":[{"href":"https:\/\/www.fahrradstadt-pforzheim.de\/index.php\/wp-json\/wp\/v2\/types\/post"}],"author":[{"embeddable":true,"href":"https:\/\/www.fahrradstadt-pforzheim.de\/index.php\/wp-json\/wp\/v2\/users\/4"}],"replies":[{"embeddable":true,"href":"https:\/\/www.fahrradstadt-pforzheim.de\/index.php\/wp-json\/wp\/v2\/comments?post=2881"}],"version-history":[{"count":14,"href":"https:\/\/www.fahrradstadt-pforzheim.de\/index.php\/wp-json\/wp\/v2\/posts\/2881\/revisions"}],"predecessor-version":[{"id":3002,"href":"https:\/\/www.fahrradstadt-pforzheim.de\/index.php\/wp-json\/wp\/v2\/posts\/2881\/revisions\/3002"}],"wp:featuredmedia":[{"embeddable":true,"href":"https:\/\/www.fahrradstadt-pforzheim.de\/index.php\/wp-json\/wp\/v2\/media\/2884"}],"wp:attachment":[{"href":"https:\/\/www.fahrradstadt-pforzheim.de\/index.php\/wp-json\/wp\/v2\/media?parent=2881"}],"wp:term":[{"taxonomy":"category","embeddable":true,"href":"https:\/\/www.fahrradstadt-pforzheim.de\/index.php\/wp-json\/wp\/v2\/categories?post=2881"},{"taxonomy":"post_tag","embeddable":true,"href":"https:\/\/www.fahrradstadt-pforzheim.de\/index.php\/wp-json\/wp\/v2\/tags?post=2881"}],"curies":[{"name":"wp","href":"https:\/\/api.w.org\/{rel}","templated":true}]}}