{"id":2911,"date":"2025-01-14T23:04:00","date_gmt":"2025-01-14T22:04:00","guid":{"rendered":"https:\/\/www.fahrradstadt-pforzheim.de\/?p=2911"},"modified":"2025-02-09T23:36:17","modified_gmt":"2025-02-09T22:36:17","slug":"1-februar-2025-film-und-diskussion-mit-ingwar-perowanowitsch","status":"publish","type":"post","link":"https:\/\/www.fahrradstadt-pforzheim.de\/index.php\/2025\/01\/14\/1-februar-2025-film-und-diskussion-mit-ingwar-perowanowitsch\/","title":{"rendered":"1. Februar 2025, 17.00 Uhr &#8211; Film und Diskussion mit Ingwar Perowanowitsch"},"content":{"rendered":"\n<figure class=\"wp-block-gallery columns-1 is-cropped\"><ul class=\"blocks-gallery-grid\"><li class=\"blocks-gallery-item\"><figure><img loading=\"lazy\" width=\"728\" height=\"1030\" src=\"https:\/\/www.fahrradstadt-pforzheim.de\/wp-content\/uploads\/2025\/01\/2501_IngwarFilm_Sharepic2_-728x1030.jpg\" alt=\"Sharepic f\u00fcr Film und Diskussion mit Ingwar Perowanowitsch am 01.02.2025 in Pforzheim\" data-id=\"2954\" data-full-url=\"https:\/\/www.fahrradstadt-pforzheim.de\/wp-content\/uploads\/2025\/01\/2501_IngwarFilm_Sharepic2_.jpg\" data-link=\"https:\/\/www.fahrradstadt-pforzheim.de\/2501_ingwarfilm_sharepic2_\/\" class=\"wp-image-2954\" srcset=\"https:\/\/www.fahrradstadt-pforzheim.de\/wp-content\/uploads\/2025\/01\/2501_IngwarFilm_Sharepic2_-728x1030.jpg 728w, https:\/\/www.fahrradstadt-pforzheim.de\/wp-content\/uploads\/2025\/01\/2501_IngwarFilm_Sharepic2_-212x300.jpg 212w, https:\/\/www.fahrradstadt-pforzheim.de\/wp-content\/uploads\/2025\/01\/2501_IngwarFilm_Sharepic2_-768x1086.jpg 768w, https:\/\/www.fahrradstadt-pforzheim.de\/wp-content\/uploads\/2025\/01\/2501_IngwarFilm_Sharepic2_-1086x1536.jpg 1086w, https:\/\/www.fahrradstadt-pforzheim.de\/wp-content\/uploads\/2025\/01\/2501_IngwarFilm_Sharepic2_-1061x1500.jpg 1061w, https:\/\/www.fahrradstadt-pforzheim.de\/wp-content\/uploads\/2025\/01\/2501_IngwarFilm_Sharepic2_-498x705.jpg 498w, https:\/\/www.fahrradstadt-pforzheim.de\/wp-content\/uploads\/2025\/01\/2501_IngwarFilm_Sharepic2_.jpg 1448w\" sizes=\"(max-width: 728px) 100vw, 728px\" \/><\/figure><\/li><\/ul><figcaption class=\"blocks-gallery-caption\"><em>Sharepic zum gerne Verteilen (Bildrechte: <a rel=\"noreferrer noopener\" href=\"https:\/\/www.threads.net\/@ingwar.perowanowitsch\" target=\"_blank\">Ingwar Perowanowitsch<\/a> \/ Montage: <a href=\"https:\/\/www.fahrradstadt-pforzheim.de\/\" target=\"_blank\" rel=\"noreferrer noopener\">Critical Mass Pforzheim<\/a>)<\/em><\/figcaption><\/figure>\n\n\n\n<p>Am Samstag, 1. Februar, zeigen wir in Kooperation mit dem <a rel=\"noreferrer noopener\" href=\"https:\/\/kommunales-kino-pforzheim.de\/das-kino#auszeichnungenkoki\" target=\"_blank\">ausgezeichneten Kommunalen Kino Pforzheim<\/a> in unserer gemeinsamen Filmreihe <a rel=\"noreferrer noopener\" href=\"https:\/\/kommunales-kino-pforzheim.de\/filmreihen-2\/dialog-rad-verkehr\" target=\"_blank\">&#8222;Dialog (Rad-)Verkehr&#8220;<\/a> den Film &#8222;<a rel=\"noreferrer noopener\" href=\"https:\/\/kommunales-kino-pforzheim.de\/movie\/mit-dem-fahrrad-nach-aserbaidschan\" target=\"_blank\">Mit dem Fahrrad nach Aserbaidschan<\/a>&#8220; von <a rel=\"noreferrer noopener\" href=\"https:\/\/www.threads.net\/@ingwar.perowanowitsch?xmt=AQGz1ylA5Zz-kErjZlVJkWDZjGZ84vGFjEiU60Q48rpyKhw\" target=\"_blank\">Ingwar Perowanowitsch<\/a>. Wir freuen uns sehr, dass der Journalist und Filmemacher mit den Themenschwerpunkten Klimakrise und fahrradgerechte St\u00e4dte seinen Film pers\u00f6nlich in unsere Noch-nicht-ganz-Fahrradstadt begleitet und f\u00fcr eine gemeinsame Diskussion zu uns nach Pforzheim kommt.<\/p>\n\n\n\n<p><strong>Treffpunkt: <\/strong><br><strong>Samstag, 1. Februar, 17 Uhr<\/strong><br><a rel=\"noreferrer noopener\" href=\"https:\/\/kommunales-kino-pforzheim.de\/\" target=\"_blank\">Kommunales Kino Pforzheim<\/a><br>Schlossberg 20<br>75175 Pforzheim<br>Kartenreservierung <a rel=\"noreferrer noopener\" href=\"https:\/\/kommunales-kino-pforzheim.de\/reservieren?showid=3158924278\" target=\"_blank\">online<\/a> und telefonisch unter 07231 5 66 19 77<\/p>\n\n\n\n<p><strong>Programmvorschau:<\/strong><\/p>\n\n\n\n<p>Zehntausende sind f\u00fcr die Weltklimakonferenz nach Baku geflogen. Ingwar Perowanowitsch ist stattdessen mit dem Fahrrad gekommen.<\/p>\n\n\n\n<blockquote class=\"wp-block-quote\"><p>Ich wollte mit dieser Reise Menschen f\u00fcr das Fahrradfahren begeistern und sie ermutigen selber mehr Rad zu fahren, sei es in der Freizeit oder im Alltag. Das Fahrrad ist ein so tolles und untersch\u00e4tztes Verkehrsmittel und im Grunde die L\u00f6sung zur Bek\u00e4mpfung einer Vielzahl unserer \u00f6kologischen Probleme. Welche Technologie kann das schon von sich behaupten?<br><\/p><cite>Ingwar Perowanowitsch  <\/cite><\/blockquote>\n\n\n\n<figure class=\"wp-block-embed is-type-video is-provider-youtube wp-block-embed-youtube wp-embed-aspect-16-9 wp-has-aspect-ratio\"><div class=\"wp-block-embed__wrapper\">\n<div class='avia-iframe-wrap'><iframe loading=\"lazy\" title=\"TRAILER: Mit dem BAMBUSFAHRRAD 5000 Km nach ASERBAIDSCHAN 4K\" width=\"1500\" height=\"844\" src=\"https:\/\/www.youtube.com\/embed\/vuIVXi5Qi70?feature=oembed\" frameborder=\"0\" allow=\"accelerometer; autoplay; clipboard-write; encrypted-media; gyroscope; picture-in-picture; web-share\" referrerpolicy=\"strict-origin-when-cross-origin\" allowfullscreen><\/iframe><\/div>\n<\/div><figcaption><em>Filmtrailer &#8222;<a rel=\"noreferrer noopener\" href=\"https:\/\/kommunales-kino-pforzheim.de\/movie\/mit-dem-fahrrad-nach-aserbaidschan\" target=\"_blank\">Mit dem Fahrrad nach Aserbaidschan<\/a>&#8220; <\/em><\/figcaption><\/figure>\n\n\n\n<p><strong>Organisatorische Hinweise:<\/strong> <\/p>\n\n\n\n<p>Mit Blick auf den Bekanntheitsgrad von Ingwar Perowanowitsch rechnen wir mit gro\u00dfem Andrang. Wenn ihr bei Ingwar und seinem Film im Kino sicher dabei sein wollt, empfehlen euch daher, am besten bereits im Vorfeld <a rel=\"noreferrer noopener\" href=\"https:\/\/kommunales-kino-pforzheim.de\/reservieren?showid=3158924278\" target=\"_blank\">online<\/a> oder telefonisch unter 07231 5 66 19 77 einen Platz zu reservieren.<\/p>\n\n\n\n<p>Bitte an Pforzheimer*innen:<\/p>\n\n\n\n<ul><li>Wenn ihr eine M\u00f6glichkeit habt, h\u00e4ngt und\/oder verteilt gerne unser <a href=\"https:\/\/www.fahrradstadt-pforzheim.de\/wp-content\/uploads\/2025\/01\/250201_Film_Cycle2COP_Druck_PlakatA3_WS.pdf\" target=\"_blank\" rel=\"noreferrer noopener\">Werbeplakat<\/a>.<\/li><\/ul>\n\n\n\n<p>Hinweise f\u00fcr Interessierte von au\u00dferhalb:<\/p>\n\n\n\n<ul><li>Wenn ihr f\u00fcr den Kinotermin mit Ingwar und\/oder f\u00fcr die Teilnahme am <a rel=\"noreferrer noopener\" href=\"https:\/\/www.fahrradstadt-pforzheim.de\/index.php\/2025\/01\/15\/02-februar-2025-gedenkfahrt-fuer-natenom\/\" target=\"_blank\">Gedenkwochenende f\u00fcr Andreas Mandalka alias Natenom<\/a> bereits im Vorfeld anreist und einen Schlafplatz braucht, meldet euch bitte auf einem unserer Kan\u00e4le unten. Wir versuchen gerne, private \u00dcbernachtungsm\u00f6glichkeiten zu vermitteln.<\/li><li>Wenn ihr am Donnerstag oder Freitag schon da seid, k\u00f6nnt ihr am 30.01. ab 17.00 Uhr an der <a rel=\"noreferrer noopener\" href=\"https:\/\/www.fahrradstadt-pforzheim.de\/index.php\/2025\/01\/14\/30-januar-2025-stille-gedenkfahrt-fuer-natenom\/\" target=\"_blank\">stillen Gedenkfahrt f\u00fcr Andreas<\/a> und\/oder am 31.01. ab 18.30 Uhr zus\u00e4tzlich an unserer monatlichen <a rel=\"noreferrer noopener\" href=\"https:\/\/www.fahrradstadt-pforzheim.de\/index.php\/category\/critical-mass\/\" target=\"_blank\">Critical Mass<\/a> teilnehmen. <\/li><\/ul>\n\n\n\n<ul class=\"wp-block-social-links is-style-logos-only\"><li class=\"wp-social-link wp-social-link-instagram wp-block-social-link\"><a href=\"https:\/\/www.instagram.com\/criticalmasspforzheim\/\" aria-label=\"Instagram: https:\/\/www.instagram.com\/criticalmasspforzheim\/\"  class=\"wp-block-social-link-anchor\"> <svg width=\"24\" height=\"24\" viewBox=\"0 0 24 24\" version=\"1.1\" xmlns=\"http:\/\/www.w3.org\/2000\/svg\" role=\"img\" aria-hidden=\"true\" focusable=\"false\"><path d=\"M12,4.622c2.403,0,2.688,0.009,3.637,0.052c0.877,0.04,1.354,0.187,1.671,0.31c0.42,0.163,0.72,0.358,1.035,0.673 c0.315,0.315,0.51,0.615,0.673,1.035c0.123,0.317,0.27,0.794,0.31,1.671c0.043,0.949,0.052,1.234,0.052,3.637 s-0.009,2.688-0.052,3.637c-0.04,0.877-0.187,1.354-0.31,1.671c-0.163,0.42-0.358,0.72-0.673,1.035 c-0.315,0.315-0.615,0.51-1.035,0.673c-0.317,0.123-0.794,0.27-1.671,0.31c-0.949,0.043-1.233,0.052-3.637,0.052 s-2.688-0.009-3.637-0.052c-0.877-0.04-1.354-0.187-1.671-0.31c-0.42-0.163-0.72-0.358-1.035-0.673 c-0.315-0.315-0.51-0.615-0.673-1.035c-0.123-0.317-0.27-0.794-0.31-1.671C4.631,14.688,4.622,14.403,4.622,12 s0.009-2.688,0.052-3.637c0.04-0.877,0.187-1.354,0.31-1.671c0.163-0.42,0.358-0.72,0.673-1.035 c0.315-0.315,0.615-0.51,1.035-0.673c0.317-0.123,0.794-0.27,1.671-0.31C9.312,4.631,9.597,4.622,12,4.622 M12,3 C9.556,3,9.249,3.01,8.289,3.054C7.331,3.098,6.677,3.25,6.105,3.472C5.513,3.702,5.011,4.01,4.511,4.511 c-0.5,0.5-0.808,1.002-1.038,1.594C3.25,6.677,3.098,7.331,3.054,8.289C3.01,9.249,3,9.556,3,12c0,2.444,0.01,2.751,0.054,3.711 c0.044,0.958,0.196,1.612,0.418,2.185c0.23,0.592,0.538,1.094,1.038,1.594c0.5,0.5,1.002,0.808,1.594,1.038 c0.572,0.222,1.227,0.375,2.185,0.418C9.249,20.99,9.556,21,12,21s2.751-0.01,3.711-0.054c0.958-0.044,1.612-0.196,2.185-0.418 c0.592-0.23,1.094-0.538,1.594-1.038c0.5-0.5,0.808-1.002,1.038-1.594c0.222-0.572,0.375-1.227,0.418-2.185 C20.99,14.751,21,14.444,21,12s-0.01-2.751-0.054-3.711c-0.044-0.958-0.196-1.612-0.418-2.185c-0.23-0.592-0.538-1.094-1.038-1.594 c-0.5-0.5-1.002-0.808-1.594-1.038c-0.572-0.222-1.227-0.375-2.185-0.418C14.751,3.01,14.444,3,12,3L12,3z M12,7.378 c-2.552,0-4.622,2.069-4.622,4.622S9.448,16.622,12,16.622s4.622-2.069,4.622-4.622S14.552,7.378,12,7.378z M12,15 c-1.657,0-3-1.343-3-3s1.343-3,3-3s3,1.343,3,3S13.657,15,12,15z M16.804,6.116c-0.596,0-1.08,0.484-1.08,1.08 s0.484,1.08,1.08,1.08c0.596,0,1.08-0.484,1.08-1.08S17.401,6.116,16.804,6.116z\"><\/path><\/svg><\/a><\/li>\n\n<li class=\"wp-social-link wp-social-link-facebook wp-block-social-link\"><a href=\"https:\/\/www.facebook.com\/people\/Critical-Mass-Pforzheim\/100064625990671\/\" aria-label=\"Facebook: https:\/\/www.facebook.com\/people\/Critical-Mass-Pforzheim\/100064625990671\/\"  class=\"wp-block-social-link-anchor\"> <svg width=\"24\" height=\"24\" viewBox=\"0 0 24 24\" version=\"1.1\" xmlns=\"http:\/\/www.w3.org\/2000\/svg\" role=\"img\" aria-hidden=\"true\" focusable=\"false\"><path d=\"M12 2C6.5 2 2 6.5 2 12c0 5 3.7 9.1 8.4 9.9v-7H7.9V12h2.5V9.8c0-2.5 1.5-3.9 3.8-3.9 1.1 0 2.2.2 2.2.2v2.5h-1.3c-1.2 0-1.6.8-1.6 1.6V12h2.8l-.4 2.9h-2.3v7C18.3 21.1 22 17 22 12c0-5.5-4.5-10-10-10z\"><\/path><\/svg><\/a><\/li>\n\n<li class=\"wp-social-link wp-social-link-mastodon wp-block-social-link\"><a href=\"https:\/\/sueden.social\/@Fahrradstadt_Pforzheim\" aria-label=\"Mastodon: https:\/\/sueden.social\/@Fahrradstadt_Pforzheim\"  class=\"wp-block-social-link-anchor\"> <svg width=\"24\" height=\"24\" viewBox=\"0 0 24 24\" version=\"1.1\" xmlns=\"http:\/\/www.w3.org\/2000\/svg\" role=\"img\" aria-hidden=\"true\" focusable=\"false\"><path d=\"M23.193 7.879c0-5.206-3.411-6.732-3.411-6.732C18.062.357 15.108.025 12.041 0h-.076c-3.068.025-6.02.357-7.74 1.147 0 0-3.411 1.526-3.411 6.732 0 1.192-.023 2.618.015 4.129.124 5.092.934 10.109 5.641 11.355 2.17.574 4.034.695 5.535.612 2.722-.15 4.25-.972 4.25-.972l-.09-1.975s-1.945.613-4.129.539c-2.165-.074-4.449-.233-4.799-2.891a5.499 5.499 0 0 1-.048-.745s2.125.52 4.817.643c1.646.075 3.19-.097 4.758-.283 3.007-.359 5.625-2.212 5.954-3.905.517-2.665.475-6.507.475-6.507zm-4.024 6.709h-2.497V8.469c0-1.29-.543-1.944-1.628-1.944-1.2 0-1.802.776-1.802 2.312v3.349h-2.483v-3.35c0-1.536-.602-2.312-1.802-2.312-1.085 0-1.628.655-1.628 1.944v6.119H4.832V8.284c0-1.289.328-2.313.987-3.07.68-.758 1.569-1.146 2.674-1.146 1.278 0 2.246.491 2.886 1.474L12 6.585l.622-1.043c.64-.983 1.608-1.474 2.886-1.474 1.104 0 1.994.388 2.674 1.146.658.757.986 1.781.986 3.07v6.304z\"\/><\/svg><\/a><\/li>\n\n<li class=\"wp-social-link wp-social-link-mail wp-block-social-link\"><a href=\"mailto:criticalmass-pf@posteo.de\" aria-label=\"Mail: mailto:criticalmass-pf@posteo.de\"  class=\"wp-block-social-link-anchor\"> <svg width=\"24\" height=\"24\" viewBox=\"0 0 24 24\" version=\"1.1\" xmlns=\"http:\/\/www.w3.org\/2000\/svg\" role=\"img\" aria-hidden=\"true\" focusable=\"false\"><path d=\"M20,4H4C2.895,4,2,4.895,2,6v12c0,1.105,0.895,2,2,2h16c1.105,0,2-0.895,2-2V6C22,4.895,21.105,4,20,4z M20,8.236l-8,4.882 L4,8.236V6h16V8.236z\"><\/path><\/svg><\/a><\/li>\n\n<li class=\"wp-social-link wp-social-link-mail wp-block-social-link\"><a href=\"mailto:pforzheim@adfc-bw.de\" aria-label=\"Mail: mailto:pforzheim@adfc-bw.de\"  class=\"wp-block-social-link-anchor\"> <svg width=\"24\" height=\"24\" viewBox=\"0 0 24 24\" version=\"1.1\" xmlns=\"http:\/\/www.w3.org\/2000\/svg\" role=\"img\" aria-hidden=\"true\" focusable=\"false\"><path d=\"M20,4H4C2.895,4,2,4.895,2,6v12c0,1.105,0.895,2,2,2h16c1.105,0,2-0.895,2-2V6C22,4.895,21.105,4,20,4z M20,8.236l-8,4.882 L4,8.236V6h16V8.236z\"><\/path><\/svg><\/a><\/li><\/ul>\n","protected":false},"excerpt":{"rendered":"<p>Am Samstag, 1. Februar, zeigen wir in Kooperation mit dem ausgezeichneten Kommunalen Kino Pforzheim in unserer gemeinsamen Filmreihe &#8222;Dialog (Rad-)Verkehr&#8220; den Film &#8222;Mit dem Fahrrad nach Aserbaidschan&#8220; von Ingwar Perowanowitsch. Wir freuen uns sehr, dass der Journalist und Filmemacher mit den Themenschwerpunkten Klimakrise und fahrradgerechte St\u00e4dte seinen Film pers\u00f6nlich in unsere Noch-nicht-ganz-Fahrradstadt begleitet und f\u00fcr [&hellip;]<\/p>\n","protected":false},"author":4,"featured_media":2927,"comment_status":"closed","ping_status":"open","sticky":false,"template":"","format":"standard","meta":[],"categories":[7,57,4,2],"tags":[120,98,88,119,63,46,47,92,118,53],"_links":{"self":[{"href":"https:\/\/www.fahrradstadt-pforzheim.de\/index.php\/wp-json\/wp\/v2\/posts\/2911"}],"collection":[{"href":"https:\/\/www.fahrradstadt-pforzheim.de\/index.php\/wp-json\/wp\/v2\/posts"}],"about":[{"href":"https:\/\/www.fahrradstadt-pforzheim.de\/index.php\/wp-json\/wp\/v2\/types\/post"}],"author":[{"embeddable":true,"href":"https:\/\/www.fahrradstadt-pforzheim.de\/index.php\/wp-json\/wp\/v2\/users\/4"}],"replies":[{"embeddable":true,"href":"https:\/\/www.fahrradstadt-pforzheim.de\/index.php\/wp-json\/wp\/v2\/comments?post=2911"}],"version-history":[{"count":9,"href":"https:\/\/www.fahrradstadt-pforzheim.de\/index.php\/wp-json\/wp\/v2\/posts\/2911\/revisions"}],"predecessor-version":[{"id":2960,"href":"https:\/\/www.fahrradstadt-pforzheim.de\/index.php\/wp-json\/wp\/v2\/posts\/2911\/revisions\/2960"}],"wp:featuredmedia":[{"embeddable":true,"href":"https:\/\/www.fahrradstadt-pforzheim.de\/index.php\/wp-json\/wp\/v2\/media\/2927"}],"wp:attachment":[{"href":"https:\/\/www.fahrradstadt-pforzheim.de\/index.php\/wp-json\/wp\/v2\/media?parent=2911"}],"wp:term":[{"taxonomy":"category","embeddable":true,"href":"https:\/\/www.fahrradstadt-pforzheim.de\/index.php\/wp-json\/wp\/v2\/categories?post=2911"},{"taxonomy":"post_tag","embeddable":true,"href":"https:\/\/www.fahrradstadt-pforzheim.de\/index.php\/wp-json\/wp\/v2\/tags?post=2911"}],"curies":[{"name":"wp","href":"https:\/\/api.w.org\/{rel}","templated":true}]}}