{"id":3057,"date":"2025-02-18T23:29:33","date_gmt":"2025-02-18T22:29:33","guid":{"rendered":"https:\/\/www.fahrradstadt-pforzheim.de\/?p=3057"},"modified":"2025-02-18T23:43:33","modified_gmt":"2025-02-18T22:43:33","slug":"winter-bike-to-work-day-am-14-02-2025","status":"publish","type":"post","link":"https:\/\/www.fahrradstadt-pforzheim.de\/index.php\/2025\/02\/18\/winter-bike-to-work-day-am-14-02-2025\/","title":{"rendered":"Winter-Bike-to-Work-Day am 14.02.2025"},"content":{"rendered":"\n<figure class=\"wp-block-gallery columns-1 is-cropped\"><ul class=\"blocks-gallery-grid\"><li class=\"blocks-gallery-item\"><figure><img loading=\"lazy\" width=\"1030\" height=\"773\" src=\"https:\/\/www.fahrradstadt-pforzheim.de\/wp-content\/uploads\/2025\/02\/Winter-Bike-to-Work-Day_Pforzheim-1030x773.jpg\" alt=\"Bild des ADFC-Standes am EMMA-Kreativzentrum\" data-id=\"3056\" data-full-url=\"https:\/\/www.fahrradstadt-pforzheim.de\/wp-content\/uploads\/2025\/02\/Winter-Bike-to-Work-Day_Pforzheim.jpg\" data-link=\"https:\/\/www.fahrradstadt-pforzheim.de\/winter-bike-to-work-day_pforzheim\/\" class=\"wp-image-3056\" srcset=\"https:\/\/www.fahrradstadt-pforzheim.de\/wp-content\/uploads\/2025\/02\/Winter-Bike-to-Work-Day_Pforzheim-1030x773.jpg 1030w, https:\/\/www.fahrradstadt-pforzheim.de\/wp-content\/uploads\/2025\/02\/Winter-Bike-to-Work-Day_Pforzheim-300x225.jpg 300w, https:\/\/www.fahrradstadt-pforzheim.de\/wp-content\/uploads\/2025\/02\/Winter-Bike-to-Work-Day_Pforzheim-768x576.jpg 768w, https:\/\/www.fahrradstadt-pforzheim.de\/wp-content\/uploads\/2025\/02\/Winter-Bike-to-Work-Day_Pforzheim-1536x1152.jpg 1536w, https:\/\/www.fahrradstadt-pforzheim.de\/wp-content\/uploads\/2025\/02\/Winter-Bike-to-Work-Day_Pforzheim-1500x1125.jpg 1500w, https:\/\/www.fahrradstadt-pforzheim.de\/wp-content\/uploads\/2025\/02\/Winter-Bike-to-Work-Day_Pforzheim-705x529.jpg 705w, https:\/\/www.fahrradstadt-pforzheim.de\/wp-content\/uploads\/2025\/02\/Winter-Bike-to-Work-Day_Pforzheim.jpg 2048w\" sizes=\"(max-width: 1030px) 100vw, 1030px\" \/><\/figure><\/li><\/ul><figcaption class=\"blocks-gallery-caption\"><em>Bild des ADFC-Standes am EMMA-Kreativzentrum mit v. l.: Tobias Dettinger, Verena Wagner-Neumann, Siegfried Sch\u00fcle, Martin M\u00e4schke, Stefan Kolmorgen, Johannes Kersting, Elena von Schmeling (Foto: Marthe Soncourt)<\/em><\/figcaption><\/figure>\n\n\n\n<p>Der <a rel=\"noreferrer noopener\" href=\"https:\/\/www.adfc-bw.de\/pforzheim\/adfc-pforzheim-enzkreis\/\" target=\"_blank\">ADFC Kreisverband Pforzheim-Enzkreis<\/a> bedankte sich am 14. Februar morgens mit warmen Getr\u00e4nken und Butterbrezeln bei allen Alltagsradlerinnen und -radlern, dass sie ganzj\u00e4hrig mit dem Fahrrad pendeln. Insgesamt wurden am ADFC-Stand in der Emma-Jaeger-Stra\u00dfe auf H\u00f6he des Inselstegs zwischen sieben und neun Uhr morgens 40 Radfahrende gez\u00e4hlt. Da man auch auf dem Rad z\u00fcgig vorankommen will, hatten nicht alle Pendler:innen Zeit f\u00fcr ein Gespr\u00e4ch, nahmen jedoch gern die Butterbrezel f\u00fcr die Pause mit.<\/p>\n\n\n\n<p>Mit der Beteiligung am <a rel=\"noreferrer noopener\" href=\"https:\/\/bw.adfc.de\/artikel\/winter-bike-to-work-day\" target=\"_blank\">Winter-Bike-to-Work-Day<\/a> wirbt der ADFC f\u00fcr das ganzj\u00e4hrige Radpendeln. Studien belegen, dass Menschen, die ganzj\u00e4hrig mit dem Rad zur Arbeit fahren, nicht nur ges\u00fcnder sind als ihre Kolleg:innen, die mit dem Auto fahren, sondern auch gl\u00fccklicher. Denn die t\u00e4gliche Bewegung baut Stresshormone ab und hilft, nach der Arbeit besser abzuschalten. Mehr noch: Der Autostau wird aktiv reduziert und dem Klima kommt es auch zu Gute.<\/p>\n\n\n\n<p>Der j\u00e4hrliche Winter-Bike-to-Work-Day findet an jedem zweiten Freitag im Februar statt. Er entstand als Gemeinschaftsprojekt von Finnen und Kanadiern und hat einen spa\u00dfbetonten Wettbewerbscharakter. Auf der internationalen Homepage <a href=\"https:\/\/winterbiketoworkday.org\/\" target=\"_blank\" rel=\"noreferrer noopener\">winterbiketoworkday.org<\/a> kann man eintragen, zu welchem Zweck und in welcher Stadt man sich aufs Rad schwingt.<\/p>\n\n\n\n<p>Damit noch mehr Menschen gern und ganzj\u00e4hrig das Fahrrad nutzen, fordert der ADFC in Pforzheim und im Enzkreis ein Netz an zusammenh\u00e4ngenden Radwegen. Diese sollen baulich vom Autoverkehr getrennt sein, damit gef\u00e4hrliche \u00dcberholman\u00f6ver vermieden werden und Radfahrende unabh\u00e4ngig von Alter und Fahrerfahrung sicher und bequem vorankommen.<\/p>\n","protected":false},"excerpt":{"rendered":"<p>Der ADFC Kreisverband Pforzheim-Enzkreis bedankte sich am 14. Februar morgens mit warmen Getr\u00e4nken und Butterbrezeln bei allen Alltagsradlerinnen und -radlern, dass sie ganzj\u00e4hrig mit dem Fahrrad pendeln. Insgesamt wurden am ADFC-Stand in der Emma-Jaeger-Stra\u00dfe auf H\u00f6he des Inselstegs zwischen sieben und neun Uhr morgens 40 Radfahrende gez\u00e4hlt. Da man auch auf dem Rad z\u00fcgig vorankommen [&hellip;]<\/p>\n","protected":false},"author":4,"featured_media":3056,"comment_status":"closed","ping_status":"open","sticky":false,"template":"","format":"standard","meta":[],"categories":[7,57,4,12,2],"tags":[13,47,92],"_links":{"self":[{"href":"https:\/\/www.fahrradstadt-pforzheim.de\/index.php\/wp-json\/wp\/v2\/posts\/3057"}],"collection":[{"href":"https:\/\/www.fahrradstadt-pforzheim.de\/index.php\/wp-json\/wp\/v2\/posts"}],"about":[{"href":"https:\/\/www.fahrradstadt-pforzheim.de\/index.php\/wp-json\/wp\/v2\/types\/post"}],"author":[{"embeddable":true,"href":"https:\/\/www.fahrradstadt-pforzheim.de\/index.php\/wp-json\/wp\/v2\/users\/4"}],"replies":[{"embeddable":true,"href":"https:\/\/www.fahrradstadt-pforzheim.de\/index.php\/wp-json\/wp\/v2\/comments?post=3057"}],"version-history":[{"count":2,"href":"https:\/\/www.fahrradstadt-pforzheim.de\/index.php\/wp-json\/wp\/v2\/posts\/3057\/revisions"}],"predecessor-version":[{"id":3059,"href":"https:\/\/www.fahrradstadt-pforzheim.de\/index.php\/wp-json\/wp\/v2\/posts\/3057\/revisions\/3059"}],"wp:featuredmedia":[{"embeddable":true,"href":"https:\/\/www.fahrradstadt-pforzheim.de\/index.php\/wp-json\/wp\/v2\/media\/3056"}],"wp:attachment":[{"href":"https:\/\/www.fahrradstadt-pforzheim.de\/index.php\/wp-json\/wp\/v2\/media?parent=3057"}],"wp:term":[{"taxonomy":"category","embeddable":true,"href":"https:\/\/www.fahrradstadt-pforzheim.de\/index.php\/wp-json\/wp\/v2\/categories?post=3057"},{"taxonomy":"post_tag","embeddable":true,"href":"https:\/\/www.fahrradstadt-pforzheim.de\/index.php\/wp-json\/wp\/v2\/tags?post=3057"}],"curies":[{"name":"wp","href":"https:\/\/api.w.org\/{rel}","templated":true}]}}