{"id":3224,"date":"2025-08-20T10:38:14","date_gmt":"2025-08-20T08:38:14","guid":{"rendered":"https:\/\/www.fahrradstadt-pforzheim.de\/?p=3224"},"modified":"2025-09-22T15:40:47","modified_gmt":"2025-09-22T13:40:47","slug":"mitradeln-bei-der-sommertour-der-critical-mass-29-8","status":"publish","type":"post","link":"https:\/\/www.fahrradstadt-pforzheim.de\/index.php\/2025\/08\/20\/mitradeln-bei-der-sommertour-der-critical-mass-29-8\/","title":{"rendered":"Mitradeln bei der Sommertour der Critical Mass (29.8.)"},"content":{"rendered":"\n<p>Am <strong>Freitag, den 29. August<\/strong>, hei\u00dft es wieder: \u201eRad in die Stadt!\u201c Diesmal steht unsere monatliche Critical Mass unter einem besonders sommerlichen Motto: <strong>\u201ePforzelona \u2013 fast wie am Meer\u201c<\/strong>. Gemeinsam mit unseren Demo-Partnern von&nbsp;<a href=\"https:\/\/instagram.com\/fridaysforfuture_pforzheim\" target=\"_blank\" rel=\"noreferrer noopener\">Fridays For Future Pforzheim<\/a> wollen wir die Fl\u00fcsse und Br\u00fccken Pforzheims entdecken und zeigen: Fahrradfahren macht unsere Stadt nicht nur lebenswerter, sondern auch sicherer.<\/p>\n\n\n\n<p><strong>Treffpunkt und Ablauf<\/strong><\/p>\n\n\n\n<ul><li><strong>Start:<\/strong> Waisenhausplatz (zwischen CCP und Theater)<\/li><li><strong>18:30 Uhr Treffen, 19:00 Uhr Abfahrt<\/strong><\/li><li><a href=\"https:\/\/www.komoot.com\/de-de\/tour\/2477485890?share_token=aZmEUD8uTJNstloFPM9I46kkPvVGRc1nFiAEmuGzD0O2nOHptz&amp;ref=wtd\">Strecke<\/a><\/li><\/ul>\n\n\n\n<p><strong>Warum mitradeln?<\/strong><\/p>\n\n\n\n<p>Beim gemeinsamen Radeln geht es um mehr als nur Bewegung oder Spa\u00df:<br>Wir machen sichtbar, dass Radverkehr in Pforzheim Platz und sichere Wege braucht. Nur wenn wir als Community pr\u00e4sent sind, k\u00f6nnen wir zeigen, dass Fahrradfahren Teil einer modernen, lebenswerten Stadt sein muss. Mit unserer sommerlichen Tour verbinden wir Freude und Ernsthaftigkeit: Wir feiern das Radfahren \u2013 und erinnern daran, dass sichere Radwege keine K\u00fcr, sondern eine Notwendigkeit sind.<\/p>\n\n\n\n<p>Ob Familie, Freundeskreis, Vielfahrer*<em>in oder Radneuling \u2013 jede*<\/em>r ist willkommen! Wir fahren gemeinsam, entspannt und bunt durch unsere Stadt. Und weil wir beim diesj\u00e4hrigen <strong>Stadtradeln den 2. Platz<\/strong> erradelt haben, gibt\u2019s nach der Tour als Preis <strong>ein Eis<\/strong> <strong>im Eiscaf\u00e9 \u201eRialto\u201c<\/strong> f\u00fcr alle Teilnehmenden.<\/p>\n\n\n\n<p>Wir m\u00f6chten nicht gegeneinander, sondern miteinander unterwegs sein:<\/p>\n\n\n\n<ul><li>f\u00fcr sichere und durchg\u00e4ngige Radwege,<\/li><li>f\u00fcr mehr R\u00fccksicht und Respekt im Stra\u00dfenverkehr,<\/li><li>f\u00fcr eine Stadt, in der Radfahren selbstverst\u00e4ndlich und angstfrei m\u00f6glich ist.<\/li><\/ul>\n\n\n\n<p>Kommt mit, bringt Freund*innen und Familie mit \u2013 und lasst uns gemeinsam zeigen, wie sch\u00f6n und sicher Radfahren in Pforzheim sein kann! Weitere Informationen zur Route findest du online. Bei Fragen erreichst du uns unter&nbsp;<a href=\"mailto:criticalmass-pf@posteo.de\" target=\"_blank\" rel=\"noreferrer noopener\">criticalmass-pf@posteo.de<\/a><\/p>\n","protected":false},"excerpt":{"rendered":"<p>Am Freitag, den 29. August, hei\u00dft es wieder: \u201eRad in die Stadt!\u201c Diesmal steht unsere monatliche Critical Mass unter einem besonders sommerlichen Motto: \u201ePforzelona \u2013 fast wie am Meer\u201c. Gemeinsam mit unseren Demo-Partnern von&nbsp;Fridays For Future Pforzheim wollen wir die Fl\u00fcsse und Br\u00fccken Pforzheims entdecken und zeigen: Fahrradfahren macht unsere Stadt nicht nur lebenswerter, sondern [&hellip;]<\/p>\n","protected":false},"author":10,"featured_media":1979,"comment_status":"closed","ping_status":"open","sticky":false,"template":"","format":"standard","meta":[],"categories":[1,2],"tags":[9,14],"_links":{"self":[{"href":"https:\/\/www.fahrradstadt-pforzheim.de\/index.php\/wp-json\/wp\/v2\/posts\/3224"}],"collection":[{"href":"https:\/\/www.fahrradstadt-pforzheim.de\/index.php\/wp-json\/wp\/v2\/posts"}],"about":[{"href":"https:\/\/www.fahrradstadt-pforzheim.de\/index.php\/wp-json\/wp\/v2\/types\/post"}],"author":[{"embeddable":true,"href":"https:\/\/www.fahrradstadt-pforzheim.de\/index.php\/wp-json\/wp\/v2\/users\/10"}],"replies":[{"embeddable":true,"href":"https:\/\/www.fahrradstadt-pforzheim.de\/index.php\/wp-json\/wp\/v2\/comments?post=3224"}],"version-history":[{"count":1,"href":"https:\/\/www.fahrradstadt-pforzheim.de\/index.php\/wp-json\/wp\/v2\/posts\/3224\/revisions"}],"predecessor-version":[{"id":3225,"href":"https:\/\/www.fahrradstadt-pforzheim.de\/index.php\/wp-json\/wp\/v2\/posts\/3224\/revisions\/3225"}],"wp:featuredmedia":[{"embeddable":true,"href":"https:\/\/www.fahrradstadt-pforzheim.de\/index.php\/wp-json\/wp\/v2\/media\/1979"}],"wp:attachment":[{"href":"https:\/\/www.fahrradstadt-pforzheim.de\/index.php\/wp-json\/wp\/v2\/media?parent=3224"}],"wp:term":[{"taxonomy":"category","embeddable":true,"href":"https:\/\/www.fahrradstadt-pforzheim.de\/index.php\/wp-json\/wp\/v2\/categories?post=3224"},{"taxonomy":"post_tag","embeddable":true,"href":"https:\/\/www.fahrradstadt-pforzheim.de\/index.php\/wp-json\/wp\/v2\/tags?post=3224"}],"curies":[{"name":"wp","href":"https:\/\/api.w.org\/{rel}","templated":true}]}}