{"id":3232,"date":"2025-09-18T22:02:22","date_gmt":"2025-09-18T20:02:22","guid":{"rendered":"https:\/\/www.fahrradstadt-pforzheim.de\/?p=3232"},"modified":"2025-10-23T22:36:17","modified_gmt":"2025-10-23T20:36:17","slug":"27-september-women-girls-bike-ride","status":"publish","type":"post","link":"https:\/\/www.fahrradstadt-pforzheim.de\/index.php\/2025\/09\/18\/27-september-women-girls-bike-ride\/","title":{"rendered":"27. September: Women &#038; Girls Bike Ride"},"content":{"rendered":"\n<figure class=\"wp-block-gallery columns-2 is-cropped\"><ul class=\"blocks-gallery-grid\"><li class=\"blocks-gallery-item\"><figure><img loading=\"lazy\" width=\"1030\" height=\"1030\" src=\"https:\/\/www.fahrradstadt-pforzheim.de\/wp-content\/uploads\/2025\/09\/WGBR_202509_sharepic_-1030x1030.jpg\" alt=\"Sharepic f\u00fcr den Women &amp; Girls Bike Ride Pforzheim am 27.09.2025\" data-id=\"3235\" data-full-url=\"https:\/\/www.fahrradstadt-pforzheim.de\/wp-content\/uploads\/2025\/09\/WGBR_202509_sharepic_.jpg\" data-link=\"https:\/\/www.fahrradstadt-pforzheim.de\/wgbr_202509_sharepic_\/\" class=\"wp-image-3235\" srcset=\"https:\/\/www.fahrradstadt-pforzheim.de\/wp-content\/uploads\/2025\/09\/WGBR_202509_sharepic_-1030x1030.jpg 1030w, https:\/\/www.fahrradstadt-pforzheim.de\/wp-content\/uploads\/2025\/09\/WGBR_202509_sharepic_-300x300.jpg 300w, https:\/\/www.fahrradstadt-pforzheim.de\/wp-content\/uploads\/2025\/09\/WGBR_202509_sharepic_-80x80.jpg 80w, https:\/\/www.fahrradstadt-pforzheim.de\/wp-content\/uploads\/2025\/09\/WGBR_202509_sharepic_-768x768.jpg 768w, https:\/\/www.fahrradstadt-pforzheim.de\/wp-content\/uploads\/2025\/09\/WGBR_202509_sharepic_-1536x1536.jpg 1536w, https:\/\/www.fahrradstadt-pforzheim.de\/wp-content\/uploads\/2025\/09\/WGBR_202509_sharepic_-2048x2048.jpg 2048w, https:\/\/www.fahrradstadt-pforzheim.de\/wp-content\/uploads\/2025\/09\/WGBR_202509_sharepic_-36x36.jpg 36w, https:\/\/www.fahrradstadt-pforzheim.de\/wp-content\/uploads\/2025\/09\/WGBR_202509_sharepic_-180x180.jpg 180w, https:\/\/www.fahrradstadt-pforzheim.de\/wp-content\/uploads\/2025\/09\/WGBR_202509_sharepic_-1500x1500.jpg 1500w, https:\/\/www.fahrradstadt-pforzheim.de\/wp-content\/uploads\/2025\/09\/WGBR_202509_sharepic_-705x705.jpg 705w\" sizes=\"(max-width: 1030px) 100vw, 1030px\" \/><\/figure><\/li><li class=\"blocks-gallery-item\"><figure><img loading=\"lazy\" width=\"1030\" height=\"1030\" src=\"https:\/\/www.fahrradstadt-pforzheim.de\/wp-content\/uploads\/2025\/09\/WGBR_202509_sharepic_5-1030x1030.jpg\" alt=\"Sharepic f\u00fcr den Women &amp; Girls Bike Ride Pforzheim am 27.09.2025\" data-id=\"3238\" data-full-url=\"https:\/\/www.fahrradstadt-pforzheim.de\/wp-content\/uploads\/2025\/09\/WGBR_202509_sharepic_5.jpg\" data-link=\"https:\/\/www.fahrradstadt-pforzheim.de\/wgbr_202509_sharepic_5\/\" class=\"wp-image-3238\" srcset=\"https:\/\/www.fahrradstadt-pforzheim.de\/wp-content\/uploads\/2025\/09\/WGBR_202509_sharepic_5-1030x1030.jpg 1030w, https:\/\/www.fahrradstadt-pforzheim.de\/wp-content\/uploads\/2025\/09\/WGBR_202509_sharepic_5-300x300.jpg 300w, https:\/\/www.fahrradstadt-pforzheim.de\/wp-content\/uploads\/2025\/09\/WGBR_202509_sharepic_5-80x80.jpg 80w, https:\/\/www.fahrradstadt-pforzheim.de\/wp-content\/uploads\/2025\/09\/WGBR_202509_sharepic_5-768x768.jpg 768w, https:\/\/www.fahrradstadt-pforzheim.de\/wp-content\/uploads\/2025\/09\/WGBR_202509_sharepic_5-1536x1536.jpg 1536w, https:\/\/www.fahrradstadt-pforzheim.de\/wp-content\/uploads\/2025\/09\/WGBR_202509_sharepic_5-2048x2048.jpg 2048w, https:\/\/www.fahrradstadt-pforzheim.de\/wp-content\/uploads\/2025\/09\/WGBR_202509_sharepic_5-36x36.jpg 36w, https:\/\/www.fahrradstadt-pforzheim.de\/wp-content\/uploads\/2025\/09\/WGBR_202509_sharepic_5-180x180.jpg 180w, https:\/\/www.fahrradstadt-pforzheim.de\/wp-content\/uploads\/2025\/09\/WGBR_202509_sharepic_5-1500x1500.jpg 1500w, https:\/\/www.fahrradstadt-pforzheim.de\/wp-content\/uploads\/2025\/09\/WGBR_202509_sharepic_5-705x705.jpg 705w\" sizes=\"(max-width: 1030px) 100vw, 1030px\" \/><\/figure><\/li><\/ul><figcaption class=\"blocks-gallery-caption\"><em>Sharepics zum gerne Verteilen!<\/em><\/figcaption><\/figure>\n\n\n\n<blockquote class=\"wp-block-quote\"><p><strong>Fahrradfahren ist mehr als nur eine Fortbewegungsart \u2013 es ist ein Symbol f\u00fcr Selbstbestimmung und Freiheit.<\/strong><\/p><\/blockquote>\n\n\n\n<p>In einer Welt, in der Frauen immer noch mit Einschr\u00e4nkungen konfrontiert sind, bietet das Fahrrad eine M\u00f6glichkeit, unabh\u00e4ngig zu sein und eigene Wege zu gehen.<\/p>\n\n\n\n<p>Der Ursprung dieser Aktion kommt aus der T\u00fcrkei und hat sich weltweit in vielen St\u00e4dten etabliert. In Pforzheim findet sie zum sechsten Mal statt.<\/p>\n\n\n\n<p><strong>Wir laden alle Frauen und M\u00e4dchen ein, gemeinsam mit uns ein Zeichen f\u00fcr Gleichberechtigung in unserer Gesellschaft zu setzen. Bei unserer Fahrradtour durch Pforzheim wollen wir zeigen, dass Radfahren Spa\u00df macht \u2013 aber nur, wenn es daf\u00fcr sichere Radwege gibt.<\/strong><\/p>\n\n\n\n<blockquote class=\"wp-block-quote\"><p>Fahr mit, wir k\u00f6nnen etwas ver\u00e4ndern!<\/p><\/blockquote>\n\n\n\n<p><strong>Treffpunkt: <br>Samstag, 27. September, um 15 Uhr auf dem Waisenhausplatz<\/strong>&nbsp;<br>(zwischen Theater und CCP)<\/p>\n\n\n\n<p>Ende ca. 16.30 Uhr am Caf\u00e9 Roland<\/p>\n\n\n\n<iframe loading=\"lazy\" src=\"https:\/\/www.komoot.com\/de-de\/tour\/2451378414\/embed?share_token=a2GppEFDzdmgHQID36vlHp0NI4vp5yMZvoykJEuN9LEIKaKYau&amp;profile=1\" width=\"100%\" height=\"700\" frameborder=\"0\" scrolling=\"no\"><\/iframe>\n\n\n\n<p>Weitere Infos findet ihr in unserem <a href=\"https:\/\/www.fahrradstadt-pforzheim.de\/wp-content\/uploads\/2025\/09\/WGBR25_FlyerA6_Ansicht.pdf\" target=\"_blank\" rel=\"noreferrer noopener\">Flyer<\/a> und auf&nbsp;<a href=\"https:\/\/www.instagram.com\/womenandgirlsbikeridepforzheim\/\">Instagram<\/a>.<\/p>\n\n\n\n<figure class=\"wp-block-gallery columns-2 is-cropped\"><ul class=\"blocks-gallery-grid\"><li class=\"blocks-gallery-item\"><figure><img loading=\"lazy\" width=\"1030\" height=\"1030\" src=\"https:\/\/www.fahrradstadt-pforzheim.de\/wp-content\/uploads\/2025\/09\/WGBR_202509_sharepic_3-1030x1030.jpg\" alt=\"Sharepic f\u00fcr den Women &amp; Girls Bike Ride Pforzheim am 27.09.2025\" data-id=\"3236\" data-full-url=\"https:\/\/www.fahrradstadt-pforzheim.de\/wp-content\/uploads\/2025\/09\/WGBR_202509_sharepic_3.jpg\" data-link=\"https:\/\/www.fahrradstadt-pforzheim.de\/wgbr_202509_sharepic_3\/\" class=\"wp-image-3236\" srcset=\"https:\/\/www.fahrradstadt-pforzheim.de\/wp-content\/uploads\/2025\/09\/WGBR_202509_sharepic_3-1030x1030.jpg 1030w, https:\/\/www.fahrradstadt-pforzheim.de\/wp-content\/uploads\/2025\/09\/WGBR_202509_sharepic_3-300x300.jpg 300w, https:\/\/www.fahrradstadt-pforzheim.de\/wp-content\/uploads\/2025\/09\/WGBR_202509_sharepic_3-80x80.jpg 80w, https:\/\/www.fahrradstadt-pforzheim.de\/wp-content\/uploads\/2025\/09\/WGBR_202509_sharepic_3-768x768.jpg 768w, https:\/\/www.fahrradstadt-pforzheim.de\/wp-content\/uploads\/2025\/09\/WGBR_202509_sharepic_3-1536x1536.jpg 1536w, https:\/\/www.fahrradstadt-pforzheim.de\/wp-content\/uploads\/2025\/09\/WGBR_202509_sharepic_3-2048x2048.jpg 2048w, https:\/\/www.fahrradstadt-pforzheim.de\/wp-content\/uploads\/2025\/09\/WGBR_202509_sharepic_3-36x36.jpg 36w, https:\/\/www.fahrradstadt-pforzheim.de\/wp-content\/uploads\/2025\/09\/WGBR_202509_sharepic_3-180x180.jpg 180w, https:\/\/www.fahrradstadt-pforzheim.de\/wp-content\/uploads\/2025\/09\/WGBR_202509_sharepic_3-1500x1500.jpg 1500w, https:\/\/www.fahrradstadt-pforzheim.de\/wp-content\/uploads\/2025\/09\/WGBR_202509_sharepic_3-705x705.jpg 705w\" sizes=\"(max-width: 1030px) 100vw, 1030px\" \/><\/figure><\/li><li class=\"blocks-gallery-item\"><figure><img loading=\"lazy\" width=\"1030\" height=\"1030\" src=\"https:\/\/www.fahrradstadt-pforzheim.de\/wp-content\/uploads\/2025\/09\/WGBR_202509_sharepic_4-1030x1030.jpg\" alt=\"Sharepic f\u00fcr den Women &amp; Girls Bike Ride Pforzheim am 27.09.2025\" data-id=\"3237\" data-full-url=\"https:\/\/www.fahrradstadt-pforzheim.de\/wp-content\/uploads\/2025\/09\/WGBR_202509_sharepic_4.jpg\" data-link=\"https:\/\/www.fahrradstadt-pforzheim.de\/wgbr_202509_sharepic_4\/\" class=\"wp-image-3237\" srcset=\"https:\/\/www.fahrradstadt-pforzheim.de\/wp-content\/uploads\/2025\/09\/WGBR_202509_sharepic_4-1030x1030.jpg 1030w, https:\/\/www.fahrradstadt-pforzheim.de\/wp-content\/uploads\/2025\/09\/WGBR_202509_sharepic_4-300x300.jpg 300w, https:\/\/www.fahrradstadt-pforzheim.de\/wp-content\/uploads\/2025\/09\/WGBR_202509_sharepic_4-80x80.jpg 80w, https:\/\/www.fahrradstadt-pforzheim.de\/wp-content\/uploads\/2025\/09\/WGBR_202509_sharepic_4-768x768.jpg 768w, https:\/\/www.fahrradstadt-pforzheim.de\/wp-content\/uploads\/2025\/09\/WGBR_202509_sharepic_4-1536x1536.jpg 1536w, https:\/\/www.fahrradstadt-pforzheim.de\/wp-content\/uploads\/2025\/09\/WGBR_202509_sharepic_4-2048x2048.jpg 2048w, https:\/\/www.fahrradstadt-pforzheim.de\/wp-content\/uploads\/2025\/09\/WGBR_202509_sharepic_4-36x36.jpg 36w, https:\/\/www.fahrradstadt-pforzheim.de\/wp-content\/uploads\/2025\/09\/WGBR_202509_sharepic_4-180x180.jpg 180w, https:\/\/www.fahrradstadt-pforzheim.de\/wp-content\/uploads\/2025\/09\/WGBR_202509_sharepic_4-1500x1500.jpg 1500w, https:\/\/www.fahrradstadt-pforzheim.de\/wp-content\/uploads\/2025\/09\/WGBR_202509_sharepic_4-705x705.jpg 705w\" sizes=\"(max-width: 1030px) 100vw, 1030px\" \/><\/figure><\/li><\/ul><figcaption class=\"blocks-gallery-caption\"><em>Weitere Sharepics zum Werbung machen!<\/em><\/figcaption><\/figure>\n","protected":false},"excerpt":{"rendered":"<p>Fahrradfahren ist mehr als nur eine Fortbewegungsart \u2013 es ist ein Symbol f\u00fcr Selbstbestimmung und Freiheit. In einer Welt, in der Frauen immer noch mit Einschr\u00e4nkungen konfrontiert sind, bietet das Fahrrad eine M\u00f6glichkeit, unabh\u00e4ngig zu sein und eigene Wege zu gehen. Der Ursprung dieser Aktion kommt aus der T\u00fcrkei und hat sich weltweit in vielen [&hellip;]<\/p>\n","protected":false},"author":7,"featured_media":3235,"comment_status":"closed","ping_status":"open","sticky":false,"template":"","format":"standard","meta":[],"categories":[7,57,8,79,4,2,108],"tags":[9,80,46,101,47,92,40],"_links":{"self":[{"href":"https:\/\/www.fahrradstadt-pforzheim.de\/index.php\/wp-json\/wp\/v2\/posts\/3232"}],"collection":[{"href":"https:\/\/www.fahrradstadt-pforzheim.de\/index.php\/wp-json\/wp\/v2\/posts"}],"about":[{"href":"https:\/\/www.fahrradstadt-pforzheim.de\/index.php\/wp-json\/wp\/v2\/types\/post"}],"author":[{"embeddable":true,"href":"https:\/\/www.fahrradstadt-pforzheim.de\/index.php\/wp-json\/wp\/v2\/users\/7"}],"replies":[{"embeddable":true,"href":"https:\/\/www.fahrradstadt-pforzheim.de\/index.php\/wp-json\/wp\/v2\/comments?post=3232"}],"version-history":[{"count":5,"href":"https:\/\/www.fahrradstadt-pforzheim.de\/index.php\/wp-json\/wp\/v2\/posts\/3232\/revisions"}],"predecessor-version":[{"id":3259,"href":"https:\/\/www.fahrradstadt-pforzheim.de\/index.php\/wp-json\/wp\/v2\/posts\/3232\/revisions\/3259"}],"wp:featuredmedia":[{"embeddable":true,"href":"https:\/\/www.fahrradstadt-pforzheim.de\/index.php\/wp-json\/wp\/v2\/media\/3235"}],"wp:attachment":[{"href":"https:\/\/www.fahrradstadt-pforzheim.de\/index.php\/wp-json\/wp\/v2\/media?parent=3232"}],"wp:term":[{"taxonomy":"category","embeddable":true,"href":"https:\/\/www.fahrradstadt-pforzheim.de\/index.php\/wp-json\/wp\/v2\/categories?post=3232"},{"taxonomy":"post_tag","embeddable":true,"href":"https:\/\/www.fahrradstadt-pforzheim.de\/index.php\/wp-json\/wp\/v2\/tags?post=3232"}],"curies":[{"name":"wp","href":"https:\/\/api.w.org\/{rel}","templated":true}]}}