{"id":3255,"date":"2025-10-23T22:31:53","date_gmt":"2025-10-23T20:31:53","guid":{"rendered":"https:\/\/www.fahrradstadt-pforzheim.de\/?p=3255"},"modified":"2025-11-26T00:04:10","modified_gmt":"2025-11-25T23:04:10","slug":"mehr-suesses-fuer-den-radverkehr-pforzheim-spart-an-sicherheit","status":"publish","type":"post","link":"https:\/\/www.fahrradstadt-pforzheim.de\/index.php\/2025\/10\/23\/mehr-suesses-fuer-den-radverkehr-pforzheim-spart-an-sicherheit\/","title":{"rendered":"Mehr S\u00fc\u00dfes f\u00fcr den Radverkehr \u2013 Pforzheim spart an Sicherheit!"},"content":{"rendered":"\n<figure class=\"wp-block-image size-large\"><img loading=\"lazy\" width=\"1030\" height=\"1030\" src=\"https:\/\/www.fahrradstadt-pforzheim.de\/wp-content\/uploads\/2025\/10\/CM_sharepics_10_25_-1030x1030.jpg\" alt=\"Sharepic f\u00fcr die Critical Mass Pforzheim am 31.10.2025\" class=\"wp-image-3254\" srcset=\"https:\/\/www.fahrradstadt-pforzheim.de\/wp-content\/uploads\/2025\/10\/CM_sharepics_10_25_-1030x1030.jpg 1030w, https:\/\/www.fahrradstadt-pforzheim.de\/wp-content\/uploads\/2025\/10\/CM_sharepics_10_25_-300x300.jpg 300w, https:\/\/www.fahrradstadt-pforzheim.de\/wp-content\/uploads\/2025\/10\/CM_sharepics_10_25_-80x80.jpg 80w, https:\/\/www.fahrradstadt-pforzheim.de\/wp-content\/uploads\/2025\/10\/CM_sharepics_10_25_-768x768.jpg 768w, https:\/\/www.fahrradstadt-pforzheim.de\/wp-content\/uploads\/2025\/10\/CM_sharepics_10_25_-1536x1536.jpg 1536w, https:\/\/www.fahrradstadt-pforzheim.de\/wp-content\/uploads\/2025\/10\/CM_sharepics_10_25_-2048x2048.jpg 2048w, https:\/\/www.fahrradstadt-pforzheim.de\/wp-content\/uploads\/2025\/10\/CM_sharepics_10_25_-36x36.jpg 36w, https:\/\/www.fahrradstadt-pforzheim.de\/wp-content\/uploads\/2025\/10\/CM_sharepics_10_25_-180x180.jpg 180w, https:\/\/www.fahrradstadt-pforzheim.de\/wp-content\/uploads\/2025\/10\/CM_sharepics_10_25_-1500x1500.jpg 1500w, https:\/\/www.fahrradstadt-pforzheim.de\/wp-content\/uploads\/2025\/10\/CM_sharepics_10_25_-705x705.jpg 705w\" sizes=\"(max-width: 1030px) 100vw, 1030px\" \/><figcaption><em>Gerne verteilen: Sharepic f\u00fcr die Critical Mass Pforzheim am 31.10.2025<\/em><\/figcaption><\/figure>\n\n\n\n<p>Unter dem Motto \u201eMehr S\u00fc\u00dfes f\u00fcr den Radverkehr!\u201c startet die <strong>Halloween Critical Mass am Freitag, 31. Oktober.<\/strong> Treffpunkt ist <strong>ab 18:30 Uhr auf dem Waisenhausplatz<\/strong> (zwischen Theater und CCP). Um 19:00 Uhr startet die gemeinsame Fahrt. Der Ausklang findet im Caf\u00e9 Roland statt.<\/p>\n\n\n\n<p>Im Rahmen der Einbringung des st\u00e4dtischen Doppelhaushalts 2026\/27 machen wir deutlich: F\u00fcr den Radverkehr sind kaum Mittel vorgesehen. F\u00fcr das kommende Jahr sind lediglich 20.000 Euro f\u00fcr die Verkehrssicherheit von Radfahrenden eingeplant. J\u00e4hrlich stehen nur 100.000 Euro f\u00fcr das Radverkehrskonzept zur Verf\u00fcgung \u2013 das entspricht gerade 80 Cent pro Einwohner*in. Im Vergleich: Fast 6 Millionen Euro sollen in den kommenden Jahren f\u00fcr Parkpl\u00e4tze flie\u00dfen. Es ist klar: Es liegt nicht am Geld \u2013 sondern an den Priorit\u00e4ten.<\/p>\n\n\n\n<p><strong>Balance statt R\u00fcckschritt!<\/strong><\/p>\n\n\n\n<p>Wer Fahrrad f\u00e4hrt, wei\u00df: Balance zu halten, ist wichtig. In der Verkehrspolitik muss das genauso gelten. Deshalb fordern wir unmissverst\u00e4ndlich: Der L\u00fcckenschluss der Radverbindung Leopoldplatz \u2013 Westliche muss endlich finanziert und umgesetzt werden. Ebenso dringend ist die sofortige Beseitigung des Unfallschwerpunkts an der Kreuzung Carl-Schurz- \/ Julius-N\u00e4her-Stra\u00dfe durch den geplanten Kreisverkehr \u2013 und zwar nicht erst in einem fernen \u201e2031 ff.\u201c, sondern jetzt.<\/p>\n\n\n\n<p><strong>Jetzt mitradeln und ein Zeichen setzen!<\/strong><\/p>\n\n\n\n<p>Im Kontext der Haushaltsentscheidung rufen wir deshalb dazu auf, die Verkehrsinfrastruktur endlich zu reformieren \u2013 damit sich alle Verkehrsteilnehmer:innen sicher bewegen k\u00f6nnen.<\/p>\n\n\n\n<blockquote class=\"wp-block-quote\"><p>\u201eS\u00fc\u00dfes\u201c hei\u00dft f\u00fcr uns: sichere Wege, weniger Angst und mehr Mut, das Rad zu nehmen.<\/p><\/blockquote>\n\n\n\n<p>Sei dabei und komm \u2013 wenn du willst \u2013 im Halloween-Outfit. Gemeinsam machen wir sichtbar: Pforzheim braucht eine sichere, faire und mutige Verkehrspolitik.<\/p>\n\n\n\n<p>Hier findest du die Strecke unserer Halloween-Tour:<\/p>\n\n\n\n<iframe loading=\"lazy\" src=\"https:\/\/www.komoot.com\/de-de\/tour\/2632883685\/embed?share_token=aSAx3olacH5luHcM5CbMsYVk6n8XXcLinXSW3rxezDudtV013M&amp;profile=1\" width=\"100%\" height=\"700\" frameborder=\"0\" scrolling=\"no\"><\/iframe>\n\n\n\n<p>Bei Fragen erreichst du uns unter&nbsp;<a rel=\"noreferrer noopener\" href=\"mailto:criticalmass-pf@posteo.de\" target=\"_blank\">criticalmass-pf@posteo.de<\/a> oder auf einem unserer Online-Kan\u00e4le.<\/p>\n\n\n\n<ul class=\"wp-block-social-links is-style-logos-only\"><li class=\"wp-social-link wp-social-link-instagram wp-block-social-link\"><a href=\"https:\/\/www.instagram.com\/criticalmasspforzheim\/\" aria-label=\"Instagram: https:\/\/www.instagram.com\/criticalmasspforzheim\/\"  class=\"wp-block-social-link-anchor\"> <svg width=\"24\" height=\"24\" viewBox=\"0 0 24 24\" version=\"1.1\" xmlns=\"http:\/\/www.w3.org\/2000\/svg\" role=\"img\" aria-hidden=\"true\" focusable=\"false\"><path d=\"M12,4.622c2.403,0,2.688,0.009,3.637,0.052c0.877,0.04,1.354,0.187,1.671,0.31c0.42,0.163,0.72,0.358,1.035,0.673 c0.315,0.315,0.51,0.615,0.673,1.035c0.123,0.317,0.27,0.794,0.31,1.671c0.043,0.949,0.052,1.234,0.052,3.637 s-0.009,2.688-0.052,3.637c-0.04,0.877-0.187,1.354-0.31,1.671c-0.163,0.42-0.358,0.72-0.673,1.035 c-0.315,0.315-0.615,0.51-1.035,0.673c-0.317,0.123-0.794,0.27-1.671,0.31c-0.949,0.043-1.233,0.052-3.637,0.052 s-2.688-0.009-3.637-0.052c-0.877-0.04-1.354-0.187-1.671-0.31c-0.42-0.163-0.72-0.358-1.035-0.673 c-0.315-0.315-0.51-0.615-0.673-1.035c-0.123-0.317-0.27-0.794-0.31-1.671C4.631,14.688,4.622,14.403,4.622,12 s0.009-2.688,0.052-3.637c0.04-0.877,0.187-1.354,0.31-1.671c0.163-0.42,0.358-0.72,0.673-1.035 c0.315-0.315,0.615-0.51,1.035-0.673c0.317-0.123,0.794-0.27,1.671-0.31C9.312,4.631,9.597,4.622,12,4.622 M12,3 C9.556,3,9.249,3.01,8.289,3.054C7.331,3.098,6.677,3.25,6.105,3.472C5.513,3.702,5.011,4.01,4.511,4.511 c-0.5,0.5-0.808,1.002-1.038,1.594C3.25,6.677,3.098,7.331,3.054,8.289C3.01,9.249,3,9.556,3,12c0,2.444,0.01,2.751,0.054,3.711 c0.044,0.958,0.196,1.612,0.418,2.185c0.23,0.592,0.538,1.094,1.038,1.594c0.5,0.5,1.002,0.808,1.594,1.038 c0.572,0.222,1.227,0.375,2.185,0.418C9.249,20.99,9.556,21,12,21s2.751-0.01,3.711-0.054c0.958-0.044,1.612-0.196,2.185-0.418 c0.592-0.23,1.094-0.538,1.594-1.038c0.5-0.5,0.808-1.002,1.038-1.594c0.222-0.572,0.375-1.227,0.418-2.185 C20.99,14.751,21,14.444,21,12s-0.01-2.751-0.054-3.711c-0.044-0.958-0.196-1.612-0.418-2.185c-0.23-0.592-0.538-1.094-1.038-1.594 c-0.5-0.5-1.002-0.808-1.594-1.038c-0.572-0.222-1.227-0.375-2.185-0.418C14.751,3.01,14.444,3,12,3L12,3z M12,7.378 c-2.552,0-4.622,2.069-4.622,4.622S9.448,16.622,12,16.622s4.622-2.069,4.622-4.622S14.552,7.378,12,7.378z M12,15 c-1.657,0-3-1.343-3-3s1.343-3,3-3s3,1.343,3,3S13.657,15,12,15z M16.804,6.116c-0.596,0-1.08,0.484-1.08,1.08 s0.484,1.08,1.08,1.08c0.596,0,1.08-0.484,1.08-1.08S17.401,6.116,16.804,6.116z\"><\/path><\/svg><\/a><\/li>\n\n<li class=\"wp-social-link wp-social-link-youtube wp-block-social-link\"><a href=\"https:\/\/www.youtube.com\/channel\/UC4sB-o1emaeTB2n9NAHZ5tg\" aria-label=\"YouTube: https:\/\/www.youtube.com\/channel\/UC4sB-o1emaeTB2n9NAHZ5tg\"  class=\"wp-block-social-link-anchor\"> <svg width=\"24\" height=\"24\" viewBox=\"0 0 24 24\" version=\"1.1\" xmlns=\"http:\/\/www.w3.org\/2000\/svg\" role=\"img\" aria-hidden=\"true\" focusable=\"false\"><path d=\"M21.8,8.001c0,0-0.195-1.378-0.795-1.985c-0.76-0.797-1.613-0.801-2.004-0.847c-2.799-0.202-6.997-0.202-6.997-0.202 h-0.009c0,0-4.198,0-6.997,0.202C4.608,5.216,3.756,5.22,2.995,6.016C2.395,6.623,2.2,8.001,2.2,8.001S2,9.62,2,11.238v1.517 c0,1.618,0.2,3.237,0.2,3.237s0.195,1.378,0.795,1.985c0.761,0.797,1.76,0.771,2.205,0.855c1.6,0.153,6.8,0.201,6.8,0.201 s4.203-0.006,7.001-0.209c0.391-0.047,1.243-0.051,2.004-0.847c0.6-0.607,0.795-1.985,0.795-1.985s0.2-1.618,0.2-3.237v-1.517 C22,9.62,21.8,8.001,21.8,8.001z M9.935,14.594l-0.001-5.62l5.404,2.82L9.935,14.594z\"><\/path><\/svg><\/a><\/li>\n\n<li class=\"wp-social-link wp-social-link-facebook wp-block-social-link\"><a href=\"https:\/\/www.facebook.com\/people\/Critical-Mass-Pforzheim\/100064625990671\/\" aria-label=\"Facebook: https:\/\/www.facebook.com\/people\/Critical-Mass-Pforzheim\/100064625990671\/\"  class=\"wp-block-social-link-anchor\"> <svg width=\"24\" height=\"24\" viewBox=\"0 0 24 24\" version=\"1.1\" xmlns=\"http:\/\/www.w3.org\/2000\/svg\" role=\"img\" aria-hidden=\"true\" focusable=\"false\"><path d=\"M12 2C6.5 2 2 6.5 2 12c0 5 3.7 9.1 8.4 9.9v-7H7.9V12h2.5V9.8c0-2.5 1.5-3.9 3.8-3.9 1.1 0 2.2.2 2.2.2v2.5h-1.3c-1.2 0-1.6.8-1.6 1.6V12h2.8l-.4 2.9h-2.3v7C18.3 21.1 22 17 22 12c0-5.5-4.5-10-10-10z\"><\/path><\/svg><\/a><\/li>\n\n<li class=\"wp-social-link wp-social-link-mastodon wp-block-social-link\"><a href=\"https:\/\/sueden.social\/@Fahrradstadt_Pforzheim\" aria-label=\"Mastodon: https:\/\/sueden.social\/@Fahrradstadt_Pforzheim\"  class=\"wp-block-social-link-anchor\"> <svg width=\"24\" height=\"24\" viewBox=\"0 0 24 24\" version=\"1.1\" xmlns=\"http:\/\/www.w3.org\/2000\/svg\" role=\"img\" aria-hidden=\"true\" focusable=\"false\"><path d=\"M23.193 7.879c0-5.206-3.411-6.732-3.411-6.732C18.062.357 15.108.025 12.041 0h-.076c-3.068.025-6.02.357-7.74 1.147 0 0-3.411 1.526-3.411 6.732 0 1.192-.023 2.618.015 4.129.124 5.092.934 10.109 5.641 11.355 2.17.574 4.034.695 5.535.612 2.722-.15 4.25-.972 4.25-.972l-.09-1.975s-1.945.613-4.129.539c-2.165-.074-4.449-.233-4.799-2.891a5.499 5.499 0 0 1-.048-.745s2.125.52 4.817.643c1.646.075 3.19-.097 4.758-.283 3.007-.359 5.625-2.212 5.954-3.905.517-2.665.475-6.507.475-6.507zm-4.024 6.709h-2.497V8.469c0-1.29-.543-1.944-1.628-1.944-1.2 0-1.802.776-1.802 2.312v3.349h-2.483v-3.35c0-1.536-.602-2.312-1.802-2.312-1.085 0-1.628.655-1.628 1.944v6.119H4.832V8.284c0-1.289.328-2.313.987-3.07.68-.758 1.569-1.146 2.674-1.146 1.278 0 2.246.491 2.886 1.474L12 6.585l.622-1.043c.64-.983 1.608-1.474 2.886-1.474 1.104 0 1.994.388 2.674 1.146.658.757.986 1.781.986 3.07v6.304z\"\/><\/svg><\/a><\/li><\/ul>\n\n\n\n<p><strong><em>Zum Vormerken: <\/em><\/strong><br><em>Die n\u00e4chste Critical Mass rollt am 28. November. Infos folgen.<\/em><\/p>\n\n\n\n<figure class=\"wp-block-gallery columns-2 is-cropped\"><ul class=\"blocks-gallery-grid\"><li class=\"blocks-gallery-item\"><figure><a href=\"https:\/\/www.fahrradstadt-pforzheim.de\/wp-content\/uploads\/2023\/01\/CM_Sharepic_2301_8.jpg\"><img loading=\"lazy\" width=\"1030\" height=\"1030\" src=\"https:\/\/www.fahrradstadt-pforzheim.de\/wp-content\/uploads\/2023\/01\/CM_Sharepic_2301_8-1030x1030.jpg\" alt=\"Sharepic f\u00fcr die Critical Mass Pforzheim\" data-id=\"1782\" data-full-url=\"https:\/\/www.fahrradstadt-pforzheim.de\/wp-content\/uploads\/2023\/01\/CM_Sharepic_2301_8.jpg\" data-link=\"https:\/\/www.fahrradstadt-pforzheim.de\/cm_sharepic_2301_8\/\" class=\"wp-image-1782\" srcset=\"https:\/\/www.fahrradstadt-pforzheim.de\/wp-content\/uploads\/2023\/01\/CM_Sharepic_2301_8-1030x1030.jpg 1030w, https:\/\/www.fahrradstadt-pforzheim.de\/wp-content\/uploads\/2023\/01\/CM_Sharepic_2301_8-300x300.jpg 300w, https:\/\/www.fahrradstadt-pforzheim.de\/wp-content\/uploads\/2023\/01\/CM_Sharepic_2301_8-80x80.jpg 80w, https:\/\/www.fahrradstadt-pforzheim.de\/wp-content\/uploads\/2023\/01\/CM_Sharepic_2301_8-768x768.jpg 768w, https:\/\/www.fahrradstadt-pforzheim.de\/wp-content\/uploads\/2023\/01\/CM_Sharepic_2301_8-1536x1536.jpg 1536w, https:\/\/www.fahrradstadt-pforzheim.de\/wp-content\/uploads\/2023\/01\/CM_Sharepic_2301_8-36x36.jpg 36w, https:\/\/www.fahrradstadt-pforzheim.de\/wp-content\/uploads\/2023\/01\/CM_Sharepic_2301_8-180x180.jpg 180w, https:\/\/www.fahrradstadt-pforzheim.de\/wp-content\/uploads\/2023\/01\/CM_Sharepic_2301_8-1500x1500.jpg 1500w, https:\/\/www.fahrradstadt-pforzheim.de\/wp-content\/uploads\/2023\/01\/CM_Sharepic_2301_8-705x705.jpg 705w, https:\/\/www.fahrradstadt-pforzheim.de\/wp-content\/uploads\/2023\/01\/CM_Sharepic_2301_8.jpg 2000w\" sizes=\"(max-width: 1030px) 100vw, 1030px\" \/><\/a><\/figure><\/li><li class=\"blocks-gallery-item\"><figure><a href=\"https:\/\/www.fahrradstadt-pforzheim.de\/wp-content\/uploads\/2023\/03\/IMG_20230208_175313_765.webp\"><img loading=\"lazy\" width=\"1030\" height=\"1030\" src=\"https:\/\/www.fahrradstadt-pforzheim.de\/wp-content\/uploads\/2023\/03\/IMG_20230208_175313_765-1030x1030.webp\" alt=\"Sharepic &quot;LAST FRIDAY - RIDE DAY&quot;\" data-id=\"1859\" data-full-url=\"https:\/\/www.fahrradstadt-pforzheim.de\/wp-content\/uploads\/2023\/03\/IMG_20230208_175313_765.webp\" data-link=\"https:\/\/www.fahrradstadt-pforzheim.de\/img_20230208_175313_765\/\" class=\"wp-image-1859\" srcset=\"https:\/\/www.fahrradstadt-pforzheim.de\/wp-content\/uploads\/2023\/03\/IMG_20230208_175313_765-1030x1030.webp 1030w, https:\/\/www.fahrradstadt-pforzheim.de\/wp-content\/uploads\/2023\/03\/IMG_20230208_175313_765-300x300.webp 300w, https:\/\/www.fahrradstadt-pforzheim.de\/wp-content\/uploads\/2023\/03\/IMG_20230208_175313_765-80x80.webp 80w, https:\/\/www.fahrradstadt-pforzheim.de\/wp-content\/uploads\/2023\/03\/IMG_20230208_175313_765-768x768.webp 768w, https:\/\/www.fahrradstadt-pforzheim.de\/wp-content\/uploads\/2023\/03\/IMG_20230208_175313_765-36x36.webp 36w, https:\/\/www.fahrradstadt-pforzheim.de\/wp-content\/uploads\/2023\/03\/IMG_20230208_175313_765-180x180.webp 180w, https:\/\/www.fahrradstadt-pforzheim.de\/wp-content\/uploads\/2023\/03\/IMG_20230208_175313_765-705x705.webp 705w, https:\/\/www.fahrradstadt-pforzheim.de\/wp-content\/uploads\/2023\/03\/IMG_20230208_175313_765.webp 1080w\" sizes=\"(max-width: 1030px) 100vw, 1030px\" \/><\/a><\/figure><\/li><\/ul><\/figure>\n\n\n\n<p> <\/p>\n","protected":false},"excerpt":{"rendered":"<p>Unter dem Motto \u201eMehr S\u00fc\u00dfes f\u00fcr den Radverkehr!\u201c startet die Halloween Critical Mass am Freitag, 31. Oktober. Treffpunkt ist ab 18:30 Uhr auf dem Waisenhausplatz (zwischen Theater und CCP). Um 19:00 Uhr startet die gemeinsame Fahrt. Der Ausklang findet im Caf\u00e9 Roland statt. Im Rahmen der Einbringung des st\u00e4dtischen Doppelhaushalts 2026\/27 machen wir deutlich: F\u00fcr [&hellip;]<\/p>\n","protected":false},"author":4,"featured_media":3254,"comment_status":"closed","ping_status":"open","sticky":false,"template":"","format":"standard","meta":[],"categories":[7,57,1,8,12],"tags":[9,14,47,92,85],"_links":{"self":[{"href":"https:\/\/www.fahrradstadt-pforzheim.de\/index.php\/wp-json\/wp\/v2\/posts\/3255"}],"collection":[{"href":"https:\/\/www.fahrradstadt-pforzheim.de\/index.php\/wp-json\/wp\/v2\/posts"}],"about":[{"href":"https:\/\/www.fahrradstadt-pforzheim.de\/index.php\/wp-json\/wp\/v2\/types\/post"}],"author":[{"embeddable":true,"href":"https:\/\/www.fahrradstadt-pforzheim.de\/index.php\/wp-json\/wp\/v2\/users\/4"}],"replies":[{"embeddable":true,"href":"https:\/\/www.fahrradstadt-pforzheim.de\/index.php\/wp-json\/wp\/v2\/comments?post=3255"}],"version-history":[{"count":3,"href":"https:\/\/www.fahrradstadt-pforzheim.de\/index.php\/wp-json\/wp\/v2\/posts\/3255\/revisions"}],"predecessor-version":[{"id":3280,"href":"https:\/\/www.fahrradstadt-pforzheim.de\/index.php\/wp-json\/wp\/v2\/posts\/3255\/revisions\/3280"}],"wp:featuredmedia":[{"embeddable":true,"href":"https:\/\/www.fahrradstadt-pforzheim.de\/index.php\/wp-json\/wp\/v2\/media\/3254"}],"wp:attachment":[{"href":"https:\/\/www.fahrradstadt-pforzheim.de\/index.php\/wp-json\/wp\/v2\/media?parent=3255"}],"wp:term":[{"taxonomy":"category","embeddable":true,"href":"https:\/\/www.fahrradstadt-pforzheim.de\/index.php\/wp-json\/wp\/v2\/categories?post=3255"},{"taxonomy":"post_tag","embeddable":true,"href":"https:\/\/www.fahrradstadt-pforzheim.de\/index.php\/wp-json\/wp\/v2\/tags?post=3255"}],"curies":[{"name":"wp","href":"https:\/\/api.w.org\/{rel}","templated":true}]}}