{"id":3260,"date":"2025-10-23T22:20:00","date_gmt":"2025-10-23T20:20:00","guid":{"rendered":"https:\/\/www.fahrradstadt-pforzheim.de\/?p=3260"},"modified":"2025-10-23T23:06:24","modified_gmt":"2025-10-23T21:06:24","slug":"wo-haettet-in-pforzheim-haettet-ihr-gerne-mobilitaetsstationen","status":"publish","type":"post","link":"https:\/\/www.fahrradstadt-pforzheim.de\/index.php\/2025\/10\/23\/wo-haettet-in-pforzheim-haettet-ihr-gerne-mobilitaetsstationen\/","title":{"rendered":"Wo h\u00e4ttet in Pforzheim h\u00e4ttet ihr gerne Mobilit\u00e4tsstationen?"},"content":{"rendered":"\n<p>Wir machen gerne eine aktuelle Umfrage der Stadt bekannt:<\/p>\n\n\n\n<iframe loading=\"lazy\" src=\"https:\/\/www.pforzheim.de\/stadt\/aktuelles\/pressemeldungen\/s1\/article\/detail\/News\/planung-neuer-mobilitaetsstationen.html\" width=\"100%\" height=\"2050\" frameborder=\"0\" scrolling=\"no\"><\/iframe>\n\n\n\n<p>Macht bei der Umfrage unter <a rel=\"noreferrer noopener\" href=\"https:\/\/mitmachen-pforzheim.de\/\" target=\"_blank\">https:\/\/mitmachen-pforzheim.de\/<\/a> mit! Wir k\u00f6nnen den Planenden hier gemeinsam helfen, eine lebenswertere, klimafreundliche und gut vernetzte Stadt zu gestalten. <\/p>\n","protected":false},"excerpt":{"rendered":"<p>Wir machen gerne eine aktuelle Umfrage der Stadt bekannt: Macht bei der Umfrage unter https:\/\/mitmachen-pforzheim.de\/ mit! Wir k\u00f6nnen den Planenden hier gemeinsam helfen, eine lebenswertere, klimafreundliche und gut vernetzte Stadt zu gestalten.<\/p>\n","protected":false},"author":4,"featured_media":760,"comment_status":"closed","ping_status":"open","sticky":false,"template":"","format":"standard","meta":[],"categories":[3],"tags":[67,78,47],"_links":{"self":[{"href":"https:\/\/www.fahrradstadt-pforzheim.de\/index.php\/wp-json\/wp\/v2\/posts\/3260"}],"collection":[{"href":"https:\/\/www.fahrradstadt-pforzheim.de\/index.php\/wp-json\/wp\/v2\/posts"}],"about":[{"href":"https:\/\/www.fahrradstadt-pforzheim.de\/index.php\/wp-json\/wp\/v2\/types\/post"}],"author":[{"embeddable":true,"href":"https:\/\/www.fahrradstadt-pforzheim.de\/index.php\/wp-json\/wp\/v2\/users\/4"}],"replies":[{"embeddable":true,"href":"https:\/\/www.fahrradstadt-pforzheim.de\/index.php\/wp-json\/wp\/v2\/comments?post=3260"}],"version-history":[{"count":9,"href":"https:\/\/www.fahrradstadt-pforzheim.de\/index.php\/wp-json\/wp\/v2\/posts\/3260\/revisions"}],"predecessor-version":[{"id":3269,"href":"https:\/\/www.fahrradstadt-pforzheim.de\/index.php\/wp-json\/wp\/v2\/posts\/3260\/revisions\/3269"}],"wp:featuredmedia":[{"embeddable":true,"href":"https:\/\/www.fahrradstadt-pforzheim.de\/index.php\/wp-json\/wp\/v2\/media\/760"}],"wp:attachment":[{"href":"https:\/\/www.fahrradstadt-pforzheim.de\/index.php\/wp-json\/wp\/v2\/media?parent=3260"}],"wp:term":[{"taxonomy":"category","embeddable":true,"href":"https:\/\/www.fahrradstadt-pforzheim.de\/index.php\/wp-json\/wp\/v2\/categories?post=3260"},{"taxonomy":"post_tag","embeddable":true,"href":"https:\/\/www.fahrradstadt-pforzheim.de\/index.php\/wp-json\/wp\/v2\/tags?post=3260"}],"curies":[{"name":"wp","href":"https:\/\/api.w.org\/{rel}","templated":true}]}}