{"id":3508,"date":"2026-04-27T18:24:56","date_gmt":"2026-04-27T16:24:56","guid":{"rendered":"https:\/\/www.fahrradstadt-pforzheim.de\/?p=3508"},"modified":"2026-04-27T18:26:01","modified_gmt":"2026-04-27T16:26:01","slug":"ruckblick-kidical-mass-04-2026","status":"publish","type":"post","link":"https:\/\/www.fahrradstadt-pforzheim.de\/index.php\/2026\/04\/27\/ruckblick-kidical-mass-04-2026\/","title":{"rendered":"R\u00fcckblick: Rekordbeteiligung bei der Kidical Mass am 25.04.2026"},"content":{"rendered":"\n<p>Die Kidical Mass hat wieder gezeigt, wie bunt, vielf\u00e4ltig und lebendig Pforzheim auf zwei R\u00e4dern sein kann. Hinter dem Aktionsb\u00fcndnis stehen neben vielen Kooperationspartnern der <a rel=\"noreferrer noopener\" href=\"https:\/\/moki.sjr-pforzheim.de\/\" target=\"_blank\">Fachbereich Mobile Kinderangebote der SJR Betriebs gGmbH<\/a>, die Radverkehrsinitiative Critical Mass und der <a href=\"https:\/\/pforzheim.adfc.de\/\" data-type=\"URL\" data-id=\"https:\/\/pforzheim.adfc.de\/\" target=\"_blank\" rel=\"noreferrer noopener\">ADFC Pforzheim\/Enzkreis. <\/a><\/p>\n\n\n\n<h4><em>Kreativer Start und starke Zeichen<\/em><\/h4>\n\n\n\n<blockquote class=\"wp-block-quote\"><p>Die Demonstration zeigt, wie viele kleine Menschen t\u00e4glich aufgrund der Autogefahr vom st\u00e4dtischen Alltag ausgeschlossen werden.<\/p><\/blockquote>\n\n\n\n<p>Bereits vor dem Start herrschte auf dem Waisenhausplatz eine gro\u00dfartige Atmosph\u00e4re. Kinder schm\u00fcckten ihre R\u00e4der kreativ mit Luftballons und Schildern, um un\u00fcbersehbar zu machen: Wir sind Teil des Verkehrs. Die Demonstration machte deutlich, wie sehr dringend eine sichere Infrastruktur f\u00fcr eine selbstst\u00e4ndige Mobilit\u00e4t der Kinder ben\u00f6tigt wird.<\/p>\n\n\n\n<figure class=\"wp-block-gallery columns-1 is-cropped\"><ul class=\"blocks-gallery-grid\"><li class=\"blocks-gallery-item\"><figure><a href=\"https:\/\/www.fahrradstadt-pforzheim.de\/wp-content\/uploads\/2026\/04\/tom1.jpeg\"><img loading=\"lazy\" width=\"1030\" height=\"773\" src=\"https:\/\/www.fahrradstadt-pforzheim.de\/wp-content\/uploads\/2026\/04\/tom1-1030x773.jpeg\" alt=\"Critical Mass 04\/2026\" data-id=\"3499\" data-full-url=\"https:\/\/www.fahrradstadt-pforzheim.de\/wp-content\/uploads\/2026\/04\/tom1.jpeg\" data-link=\"https:\/\/www.fahrradstadt-pforzheim.de\/tom1\/\" class=\"wp-image-3499\" srcset=\"https:\/\/www.fahrradstadt-pforzheim.de\/wp-content\/uploads\/2026\/04\/tom1-1030x773.jpeg 1030w, https:\/\/www.fahrradstadt-pforzheim.de\/wp-content\/uploads\/2026\/04\/tom1-300x225.jpeg 300w, https:\/\/www.fahrradstadt-pforzheim.de\/wp-content\/uploads\/2026\/04\/tom1-768x576.jpeg 768w, https:\/\/www.fahrradstadt-pforzheim.de\/wp-content\/uploads\/2026\/04\/tom1-1536x1152.jpeg 1536w, https:\/\/www.fahrradstadt-pforzheim.de\/wp-content\/uploads\/2026\/04\/tom1-1500x1125.jpeg 1500w, https:\/\/www.fahrradstadt-pforzheim.de\/wp-content\/uploads\/2026\/04\/tom1-705x529.jpeg 705w, https:\/\/www.fahrradstadt-pforzheim.de\/wp-content\/uploads\/2026\/04\/tom1.jpeg 2048w\" sizes=\"(max-width: 1030px) 100vw, 1030px\" \/><\/a><figcaption class=\"blocks-gallery-item__caption\">Bereit zum Losfahren: viele Familien und Kindern auf dem Waisenhausplatz<\/figcaption><\/figure><\/li><\/ul><figcaption class=\"blocks-gallery-caption\"><em><sub>Foto: Tom F\u00f6rster<\/sub><\/em><\/figcaption><\/figure>\n\n\n\n<p><\/p>\n\n\n\n<h4><em>Leistungsf\u00e4higkeit des Radverkehrs<\/em><\/h4>\n\n\n\n<p>Ein Highlight der \u00fcber 6 Kilometer langen Route war die Fahrt \u00fcber die Zerrennerstra\u00dfe. An der Leopoldstra\u00dfe zeigte sich die enorme Effizienz des Radverkehrs: Die 430 Teilnehmenden passierten die bekannte Staukreuzung innerhalb von nur zwei Ampelphasen. Zum Vergleich: W\u00e4ren alle diese Menschen im Auto unterwegs gewesen, h\u00e4tte dies eine Blechlawine von ca. 5 Kilometern L\u00e4nge \u2013 von der Innenstadt bis nach Eutingen \u2013 verursacht.<\/p>\n\n\n\n<p>Mit der Tour wurde unterstrichen, wie dringend eine sichere Infrastruktur gebraucht wird, damit sich Kinder frei, sicher und selbstst\u00e4ndig in ihrer Stadt bewegen k\u00f6nnen. <\/p>\n\n\n\n<figure class=\"wp-block-gallery columns-1 is-cropped\"><ul class=\"blocks-gallery-grid\"><li class=\"blocks-gallery-item\"><figure><img loading=\"lazy\" width=\"773\" height=\"1030\" src=\"https:\/\/www.fahrradstadt-pforzheim.de\/wp-content\/uploads\/2026\/04\/Strasse-KM-773x1030.jpg\" alt=\"Critical Mass 04\/2026\" data-id=\"3501\" data-full-url=\"https:\/\/www.fahrradstadt-pforzheim.de\/wp-content\/uploads\/2026\/04\/Strasse-KM.jpg\" data-link=\"https:\/\/www.fahrradstadt-pforzheim.de\/strasse-km\/\" class=\"wp-image-3501\" srcset=\"https:\/\/www.fahrradstadt-pforzheim.de\/wp-content\/uploads\/2026\/04\/Strasse-KM-773x1030.jpg 773w, https:\/\/www.fahrradstadt-pforzheim.de\/wp-content\/uploads\/2026\/04\/Strasse-KM-225x300.jpg 225w, https:\/\/www.fahrradstadt-pforzheim.de\/wp-content\/uploads\/2026\/04\/Strasse-KM-768x1024.jpg 768w, https:\/\/www.fahrradstadt-pforzheim.de\/wp-content\/uploads\/2026\/04\/Strasse-KM-1152x1536.jpg 1152w, https:\/\/www.fahrradstadt-pforzheim.de\/wp-content\/uploads\/2026\/04\/Strasse-KM-1125x1500.jpg 1125w, https:\/\/www.fahrradstadt-pforzheim.de\/wp-content\/uploads\/2026\/04\/Strasse-KM-529x705.jpg 529w, https:\/\/www.fahrradstadt-pforzheim.de\/wp-content\/uploads\/2026\/04\/Strasse-KM.jpg 1536w\" sizes=\"(max-width: 773px) 100vw, 773px\" \/><figcaption class=\"blocks-gallery-item__caption\">Demozug \u00fcberquert gro\u00dfe Kreuzung am CCP  <\/figcaption><\/figure><\/li><\/ul><figcaption class=\"blocks-gallery-caption\"><em>Foto: Siegfried Sch\u00fcle<\/em><\/figcaption><\/figure>\n\n\n\n<p><\/p>\n\n\n\n<h4><em>Was die Stadt tun kann<\/em><\/h4>\n\n\n\n<p>Die Forderungen des Aktionsb\u00fcndnisses werden durch die aktuellen Erkenntnisse des <a rel=\"noreferrer noopener\" href=\"https:\/\/www.bmv.de\/SharedDocs\/DE\/Pressemitteilungen\/2026\/031-schnieder-fahrrad-monitor.html\" target=\"_blank\">Fahrrad-Monitors 2025 <\/a>gest\u00fctzt. Die bundesweite Studie verdeutlicht, dass insbesondere Kinder und Jugendliche klare Vorstellungen von einer sicheren Mobilit\u00e4t haben.<\/p>\n\n\n\n<blockquote class=\"wp-block-quote\"><p>Junge Radfahrende fordern sichere Wege zur Schule und zu Sportst\u00e4tten, die konsequent von parkenden Autos befreit sind, sowie mehr getrennte Radwege.<\/p><cite>Fahrradmonitor 2025<\/cite><\/blockquote>\n\n\n\n<p>Deshalb fordert das Aktionsb\u00fcndnis der <em>Kidical Mass<\/em> die Stadtverwaltung dazu auf, den bestehenden Handlungsspielraum auszusch\u00f6pfen. Dies l\u00e4sst sich durch <\/p>\n\n\n\n<ul><li>Radabstellm\u00f6glichkeiten an Schulen, <\/li><li>die Umwidmung von Kfz-Spuren zu gesch\u00fctzten Radfahrstreifen an mehrspurigen Stra\u00dfen,<\/li><li>sowie die Schaffung kindersicherer Kreuzungen<\/li><\/ul>\n\n\n\n<p> erreichen.<\/p>\n\n\n\n<p><\/p>\n\n\n\n<h4><em>Abschluss am Kindercaf\u00e9 Luise<\/em><\/h4>\n\n\n\n<p>Der kr\u00f6nende Abschluss fand am <a href=\"https:\/\/www.cafeluise-pforzheim.de\/\">Kindercaf\u00e9 Luise<\/a> statt. W\u00e4hrend das <a href=\"https:\/\/moki.sjr-pforzheim.de\/spielmobil\/\" target=\"_blank\" rel=\"noreferrer noopener\">Spielmobil des Stadtjugendrings<\/a> f\u00fcr Action sorgte, bot der Kinderkunstraum Platz f\u00fcr Kreativit\u00e4t. Zudem konnten die Kids auf dem Fahrradparcours des ADFC ihr Geschick unter Beweis stellen.<\/p>\n\n\n\n<figure class=\"wp-block-gallery columns-1 is-cropped\"><ul class=\"blocks-gallery-grid\"><li class=\"blocks-gallery-item\"><figure><img loading=\"lazy\" width=\"579\" height=\"1030\" src=\"https:\/\/www.fahrradstadt-pforzheim.de\/wp-content\/uploads\/2026\/04\/signal-2026-04-25-180947_016-579x1030.jpeg\" alt=\"Critical Mass 04\/2026\" data-id=\"3504\" data-full-url=\"https:\/\/www.fahrradstadt-pforzheim.de\/wp-content\/uploads\/2026\/04\/signal-2026-04-25-180947_016.jpeg\" data-link=\"https:\/\/www.fahrradstadt-pforzheim.de\/signal-2026-04-25-180947_016\/\" class=\"wp-image-3504\" srcset=\"https:\/\/www.fahrradstadt-pforzheim.de\/wp-content\/uploads\/2026\/04\/signal-2026-04-25-180947_016-579x1030.jpeg 579w, https:\/\/www.fahrradstadt-pforzheim.de\/wp-content\/uploads\/2026\/04\/signal-2026-04-25-180947_016-169x300.jpeg 169w, https:\/\/www.fahrradstadt-pforzheim.de\/wp-content\/uploads\/2026\/04\/signal-2026-04-25-180947_016-768x1365.jpeg 768w, https:\/\/www.fahrradstadt-pforzheim.de\/wp-content\/uploads\/2026\/04\/signal-2026-04-25-180947_016-864x1536.jpeg 864w, https:\/\/www.fahrradstadt-pforzheim.de\/wp-content\/uploads\/2026\/04\/signal-2026-04-25-180947_016-844x1500.jpeg 844w, https:\/\/www.fahrradstadt-pforzheim.de\/wp-content\/uploads\/2026\/04\/signal-2026-04-25-180947_016-397x705.jpeg 397w, https:\/\/www.fahrradstadt-pforzheim.de\/wp-content\/uploads\/2026\/04\/signal-2026-04-25-180947_016.jpeg 1152w\" sizes=\"(max-width: 579px) 100vw, 579px\" \/><figcaption class=\"blocks-gallery-item__caption\">Fahrraddeko: Plakat am Fahrrad &#8222;F\u00e4hrst du schon Auto oder radelst du schon?&#8220;<\/figcaption><\/figure><\/li><\/ul><figcaption class=\"blocks-gallery-caption\"><em>Foto: Christof Weisenbacher<\/em><\/figcaption><\/figure>\n\n\n\n<p><\/p>\n\n\n\n<p><\/p>\n\n\n\n<p><\/p>\n\n\n\n<figure class=\"wp-block-image\" id=\"block-0c42e128-bf3c-46cb-8570-ad465572ce7e\"><img src=\"https:\/\/www.fahrradstadt-pforzheim.de\/wp-content\/uploads\/2023\/01\/CM_Sharepic_2301_8-1030x1030.jpg\" alt=\"Sharepic f\u00fcr die Critical Mass Pforzheim\"\/><figcaption><em>Ebenfalls gerne verteilen!<\/em><\/figcaption><\/figure>\n\n\n\n<p id=\"block-199a68b0-5252-4c2f-976c-d2f341da62bf\">Bei Fragen erreichst du uns unter&nbsp;<a rel=\"noreferrer noopener\" href=\"mailto:criticalmass-pf@posteo.de\" target=\"_blank\">criticalmass-pf@posteo.de<\/a> oder auf einem unserer Online-Kan\u00e4le.<\/p>\n","protected":false},"excerpt":{"rendered":"<p>Die Kidical Mass hat wieder gezeigt, wie bunt, vielf\u00e4ltig und lebendig Pforzheim auf zwei R\u00e4dern sein kann. Hinter dem Aktionsb\u00fcndnis stehen neben vielen Kooperationspartnern der Fachbereich Mobile Kinderangebote der SJR Betriebs gGmbH, die Radverkehrsinitiative Critical Mass und der ADFC Pforzheim\/Enzkreis. Kreativer Start und starke Zeichen Die Demonstration zeigt, wie viele kleine Menschen t\u00e4glich aufgrund der [&hellip;]<\/p>\n","protected":false},"author":10,"featured_media":3505,"comment_status":"closed","ping_status":"open","sticky":false,"template":"","format":"standard","meta":[],"categories":[7,3,1,77,12,2],"tags":[9,131,56,47,40],"_links":{"self":[{"href":"https:\/\/www.fahrradstadt-pforzheim.de\/index.php\/wp-json\/wp\/v2\/posts\/3508"}],"collection":[{"href":"https:\/\/www.fahrradstadt-pforzheim.de\/index.php\/wp-json\/wp\/v2\/posts"}],"about":[{"href":"https:\/\/www.fahrradstadt-pforzheim.de\/index.php\/wp-json\/wp\/v2\/types\/post"}],"author":[{"embeddable":true,"href":"https:\/\/www.fahrradstadt-pforzheim.de\/index.php\/wp-json\/wp\/v2\/users\/10"}],"replies":[{"embeddable":true,"href":"https:\/\/www.fahrradstadt-pforzheim.de\/index.php\/wp-json\/wp\/v2\/comments?post=3508"}],"version-history":[{"count":12,"href":"https:\/\/www.fahrradstadt-pforzheim.de\/index.php\/wp-json\/wp\/v2\/posts\/3508\/revisions"}],"predecessor-version":[{"id":3520,"href":"https:\/\/www.fahrradstadt-pforzheim.de\/index.php\/wp-json\/wp\/v2\/posts\/3508\/revisions\/3520"}],"wp:featuredmedia":[{"embeddable":true,"href":"https:\/\/www.fahrradstadt-pforzheim.de\/index.php\/wp-json\/wp\/v2\/media\/3505"}],"wp:attachment":[{"href":"https:\/\/www.fahrradstadt-pforzheim.de\/index.php\/wp-json\/wp\/v2\/media?parent=3508"}],"wp:term":[{"taxonomy":"category","embeddable":true,"href":"https:\/\/www.fahrradstadt-pforzheim.de\/index.php\/wp-json\/wp\/v2\/categories?post=3508"},{"taxonomy":"post_tag","embeddable":true,"href":"https:\/\/www.fahrradstadt-pforzheim.de\/index.php\/wp-json\/wp\/v2\/tags?post=3508"}],"curies":[{"name":"wp","href":"https:\/\/api.w.org\/{rel}","templated":true}]}}