{"id":3523,"date":"2026-04-27T21:33:31","date_gmt":"2026-04-27T19:33:31","guid":{"rendered":"https:\/\/www.fahrradstadt-pforzheim.de\/?p=3523"},"modified":"2026-04-27T21:33:32","modified_gmt":"2026-04-27T19:33:32","slug":"klimafit","status":"publish","type":"post","link":"https:\/\/www.fahrradstadt-pforzheim.de\/index.php\/2026\/04\/27\/klimafit\/","title":{"rendered":"Klimawandel vor der Haust\u00fcr. Was kann ich tun? &#8211; Beim klimafit-Kurs der vhs Klimawissen und Argumente gegen Stammtischparolen sammeln!"},"content":{"rendered":"\n<figure class=\"wp-block-gallery columns-1 is-cropped\"><ul class=\"blocks-gallery-grid\"><li class=\"blocks-gallery-item\"><figure><a href=\"https:\/\/www.fahrradstadt-pforzheim.de\/wp-content\/uploads\/2026\/04\/klimafit_02.png\"><img loading=\"lazy\" width=\"1030\" height=\"579\" src=\"https:\/\/www.fahrradstadt-pforzheim.de\/wp-content\/uploads\/2026\/04\/klimafit_02-1030x579.png\" alt=\"Werbemotiv f\u00fcr den klimafit-Kurs der vhs Pforzheim-Enzkreis\" data-id=\"3526\" data-full-url=\"https:\/\/www.fahrradstadt-pforzheim.de\/wp-content\/uploads\/2026\/04\/klimafit_02.png\" data-link=\"https:\/\/www.fahrradstadt-pforzheim.de\/klimafit_02\/\" class=\"wp-image-3526\" srcset=\"https:\/\/www.fahrradstadt-pforzheim.de\/wp-content\/uploads\/2026\/04\/klimafit_02-1030x579.png 1030w, https:\/\/www.fahrradstadt-pforzheim.de\/wp-content\/uploads\/2026\/04\/klimafit_02-300x169.png 300w, https:\/\/www.fahrradstadt-pforzheim.de\/wp-content\/uploads\/2026\/04\/klimafit_02-768x432.png 768w, https:\/\/www.fahrradstadt-pforzheim.de\/wp-content\/uploads\/2026\/04\/klimafit_02-1536x864.png 1536w, https:\/\/www.fahrradstadt-pforzheim.de\/wp-content\/uploads\/2026\/04\/klimafit_02-1500x844.png 1500w, https:\/\/www.fahrradstadt-pforzheim.de\/wp-content\/uploads\/2026\/04\/klimafit_02-705x397.png 705w, https:\/\/www.fahrradstadt-pforzheim.de\/wp-content\/uploads\/2026\/04\/klimafit_02.png 1600w\" sizes=\"(max-width: 1030px) 100vw, 1030px\" \/><\/a><\/figure><\/li><\/ul><figcaption class=\"blocks-gallery-caption\"><em>Gerne verteilen: Werbemotive f\u00fcr den <a rel=\"noreferrer noopener\" href=\"https:\/\/www.vhs-pforzheim.de\/programm\/allgemeinbildung.html\/kurs\/505-C-12468993\/t\/klimafit-klimawandel-vor-der-haustuer-was-kann-ich-tun\" target=\"_blank\">klimafit-Kurs der vhs Pforzheim-Enzkreis<\/a><\/em><\/figcaption><\/figure>\n\n\n\n<p>Falls noch nicht bekannt, m\u00f6chten wir euch kurzfristig auf ein tolles Kursangebot an der <a href=\"https:\/\/www.vhs-pforzheim.de\/\" target=\"_blank\" rel=\"noreferrer noopener\">vhs Pforzheim-Enzkreis<\/a> hinweisen: <\/p>\n\n\n\n<p><strong>klimafit. Klimawandel vor der Haust\u00fcr. Was kann ich tun?<\/strong><br>4 interaktive Donnerstagabende zu folgenden Themen:<\/p>\n\n\n\n<p><strong>30.04.2026, 18:00 &#8211; 20:30 Uhr<\/strong><br><strong><em>Grundlagen des Klimawandels und Einf\u00fchrung in die kommunale Herausforderung<\/em><\/strong><\/p>\n\n\n\n<p><strong>07.05.2026, 18:00 &#8211; 20:30 Uhr<\/strong><br><strong><em>Ursachen des Klimawandels, Klimaschutz und -anpassung<\/em><\/strong><\/p>\n\n\n\n<p><strong>21.05.2026, 18:00 &#8211; 20:30 Uhr<\/strong><br><strong><em>Regionale Folgen des Klimawandels und was kann ich selbst tun?<\/em><\/strong><\/p>\n\n\n\n<p><strong>11.06.2026, 18:00 &#8211; 20:30 Uhr<\/strong><br><strong><em>Den Klimawandel gemeinsam anpacken<\/em><\/strong><br>(Spoiler: Bei diesem Termin sind wir mit unserer Radverkehrsinitiative dabei. :-))<\/p>\n\n\n\n<p>Ausf\u00fchrliche Programminformationen findet ihr in der <a rel=\"noreferrer noopener\" href=\"https:\/\/www.vhs-pforzheim.de\/programm\/allgemeinbildung.html\/kurs\/505-C-12468993\/t\/klimafit-klimawandel-vor-der-haustuer-was-kann-ich-tun\" target=\"_blank\">Kursbeschreibung der vhs<\/a>.<\/p>\n\n\n\n<figure class=\"wp-block-gallery columns-1 is-cropped\"><ul class=\"blocks-gallery-grid\"><li class=\"blocks-gallery-item\"><figure><img loading=\"lazy\" width=\"1030\" height=\"579\" src=\"https:\/\/www.fahrradstadt-pforzheim.de\/wp-content\/uploads\/2026\/04\/gemeinsam-handeln-X-1030x579.png\" alt=\"Werbemotiv f\u00fcr den klimafit-Kurs der vhs Pforzheim-Enzkreis\" data-id=\"3524\" data-full-url=\"https:\/\/www.fahrradstadt-pforzheim.de\/wp-content\/uploads\/2026\/04\/gemeinsam-handeln-X.png\" data-link=\"https:\/\/www.fahrradstadt-pforzheim.de\/gemeinsam-handeln-x\/\" class=\"wp-image-3524\" srcset=\"https:\/\/www.fahrradstadt-pforzheim.de\/wp-content\/uploads\/2026\/04\/gemeinsam-handeln-X-1030x579.png 1030w, https:\/\/www.fahrradstadt-pforzheim.de\/wp-content\/uploads\/2026\/04\/gemeinsam-handeln-X-300x169.png 300w, https:\/\/www.fahrradstadt-pforzheim.de\/wp-content\/uploads\/2026\/04\/gemeinsam-handeln-X-768x432.png 768w, https:\/\/www.fahrradstadt-pforzheim.de\/wp-content\/uploads\/2026\/04\/gemeinsam-handeln-X-1536x864.png 1536w, https:\/\/www.fahrradstadt-pforzheim.de\/wp-content\/uploads\/2026\/04\/gemeinsam-handeln-X-1500x844.png 1500w, https:\/\/www.fahrradstadt-pforzheim.de\/wp-content\/uploads\/2026\/04\/gemeinsam-handeln-X-705x397.png 705w, https:\/\/www.fahrradstadt-pforzheim.de\/wp-content\/uploads\/2026\/04\/gemeinsam-handeln-X.png 1600w\" sizes=\"(max-width: 1030px) 100vw, 1030px\" \/><\/figure><\/li><\/ul><\/figure>\n\n\n\n<p>Wenn ihr Zeit habt, meldet euch am besten gleich noch <a rel=\"noreferrer noopener\" href=\"https:\/\/www.vhs-pforzheim.de\/programm\/allgemeinbildung.html\/kurs\/505-C-12468993\/t\/klimafit-klimawandel-vor-der-haustuer-was-kann-ich-tun\" target=\"_blank\">hier<\/a> an und frischt euer pers\u00f6nliches Faktenwissen \u00fcber unser Klima auf. Im Nebeneffekt k\u00f6nnt ihr gute Argumente gegen Stammtischparolen sammeln. <\/p>\n\n\n\n<blockquote class=\"wp-block-quote\"><p>Wir freuen uns darauf, euch am 11.06. zur Abwechslung im vhs-Haus zu treffen!<\/p><\/blockquote>\n\n\n\n<figure class=\"wp-block-gallery columns-1 is-cropped\"><ul class=\"blocks-gallery-grid\"><li class=\"blocks-gallery-item\"><figure><a href=\"https:\/\/www.fahrradstadt-pforzheim.de\/wp-content\/uploads\/2026\/04\/Lupe-klimwandel-anpacken-FB.png\"><img loading=\"lazy\" width=\"940\" height=\"788\" src=\"https:\/\/www.fahrradstadt-pforzheim.de\/wp-content\/uploads\/2026\/04\/Lupe-klimwandel-anpacken-FB.png\" alt=\"Werbemotiv f\u00fcr den klimafit-Kurs der vhs Pforzheim-Enzkreis\" data-id=\"3527\" data-full-url=\"https:\/\/www.fahrradstadt-pforzheim.de\/wp-content\/uploads\/2026\/04\/Lupe-klimwandel-anpacken-FB.png\" data-link=\"https:\/\/www.fahrradstadt-pforzheim.de\/lupe-klimwandel-anpacken-fb\/\" class=\"wp-image-3527\" srcset=\"https:\/\/www.fahrradstadt-pforzheim.de\/wp-content\/uploads\/2026\/04\/Lupe-klimwandel-anpacken-FB.png 940w, https:\/\/www.fahrradstadt-pforzheim.de\/wp-content\/uploads\/2026\/04\/Lupe-klimwandel-anpacken-FB-300x251.png 300w, https:\/\/www.fahrradstadt-pforzheim.de\/wp-content\/uploads\/2026\/04\/Lupe-klimwandel-anpacken-FB-768x644.png 768w, https:\/\/www.fahrradstadt-pforzheim.de\/wp-content\/uploads\/2026\/04\/Lupe-klimwandel-anpacken-FB-705x591.png 705w\" sizes=\"(max-width: 940px) 100vw, 940px\" \/><\/a><\/figure><\/li><\/ul><\/figure>\n","protected":false},"excerpt":{"rendered":"<p>Falls noch nicht bekannt, m\u00f6chten wir euch kurzfristig auf ein tolles Kursangebot an der vhs Pforzheim-Enzkreis hinweisen: klimafit. Klimawandel vor der Haust\u00fcr. Was kann ich tun?4 interaktive Donnerstagabende zu folgenden Themen: 30.04.2026, 18:00 &#8211; 20:30 UhrGrundlagen des Klimawandels und Einf\u00fchrung in die kommunale Herausforderung 07.05.2026, 18:00 &#8211; 20:30 UhrUrsachen des Klimawandels, Klimaschutz und -anpassung 21.05.2026, [&hellip;]<\/p>\n","protected":false},"author":4,"featured_media":3525,"comment_status":"closed","ping_status":"open","sticky":false,"template":"","format":"standard","meta":[],"categories":[3],"tags":[119,64,63,46,130,132],"_links":{"self":[{"href":"https:\/\/www.fahrradstadt-pforzheim.de\/index.php\/wp-json\/wp\/v2\/posts\/3523"}],"collection":[{"href":"https:\/\/www.fahrradstadt-pforzheim.de\/index.php\/wp-json\/wp\/v2\/posts"}],"about":[{"href":"https:\/\/www.fahrradstadt-pforzheim.de\/index.php\/wp-json\/wp\/v2\/types\/post"}],"author":[{"embeddable":true,"href":"https:\/\/www.fahrradstadt-pforzheim.de\/index.php\/wp-json\/wp\/v2\/users\/4"}],"replies":[{"embeddable":true,"href":"https:\/\/www.fahrradstadt-pforzheim.de\/index.php\/wp-json\/wp\/v2\/comments?post=3523"}],"version-history":[{"count":4,"href":"https:\/\/www.fahrradstadt-pforzheim.de\/index.php\/wp-json\/wp\/v2\/posts\/3523\/revisions"}],"predecessor-version":[{"id":3531,"href":"https:\/\/www.fahrradstadt-pforzheim.de\/index.php\/wp-json\/wp\/v2\/posts\/3523\/revisions\/3531"}],"wp:featuredmedia":[{"embeddable":true,"href":"https:\/\/www.fahrradstadt-pforzheim.de\/index.php\/wp-json\/wp\/v2\/media\/3525"}],"wp:attachment":[{"href":"https:\/\/www.fahrradstadt-pforzheim.de\/index.php\/wp-json\/wp\/v2\/media?parent=3523"}],"wp:term":[{"taxonomy":"category","embeddable":true,"href":"https:\/\/www.fahrradstadt-pforzheim.de\/index.php\/wp-json\/wp\/v2\/categories?post=3523"},{"taxonomy":"post_tag","embeddable":true,"href":"https:\/\/www.fahrradstadt-pforzheim.de\/index.php\/wp-json\/wp\/v2\/tags?post=3523"}],"curies":[{"name":"wp","href":"https:\/\/api.w.org\/{rel}","templated":true}]}}