{"id":494,"date":"2021-01-23T22:39:04","date_gmt":"2021-01-23T21:39:04","guid":{"rendered":"https:\/\/www.fahrradstadt-pforzheim.de\/?p=494"},"modified":"2021-01-29T14:04:13","modified_gmt":"2021-01-29T13:04:13","slug":"webinar-rad-und-fuss-gemeinsam-in-die-zukunft-27-01-2021","status":"publish","type":"post","link":"https:\/\/www.fahrradstadt-pforzheim.de\/index.php\/2021\/01\/23\/webinar-rad-und-fuss-gemeinsam-in-die-zukunft-27-01-2021\/","title":{"rendered":"Webinar \u201eRad und Fu\u00df: Gemeinsam in die Zukunft!\u201c &#8211; 27.01.2021, 12.00-13.00 Uhr"},"content":{"rendered":"\n<p>Die <strong>Hochschule Karlsruhe<\/strong> l\u00e4dt am <strong>27.01.2021<\/strong> von <strong>12 bis 13 Uhr<\/strong> zum \u00f6ffentlichen Webinar <strong>\u201eRad und Fu\u00df: Gemeinsam in die Zukunft!\u201c<\/strong>. <br>In drei Vortr\u00e4gen und einer fachlichen Unterhaltung geht es um Konflikte und Interaktionen zwischen Verkehrsteilnehmer*innen und L\u00f6sungen f\u00fcr ein besseres Miteinander der verschiedenen Mobilit\u00e4tsformen.<\/p>\n\n\n\n<p>Programm:<\/p>\n\n\n\n<ul><li><em>\u201eRadverkehr im Dialog \u2013 Ergebnisse aus dem Reallabor GO Karlsruhe!\u201c<\/em>, <a rel=\"noreferrer noopener\" href=\"https:\/\/www.hs-karlsruhe.de\/hochschule\/personen-a-z\/details\/user\/christoph-hupfer\" target=\"_blank\">Prof. Dr.-Ing. Christoph Hupfer<\/a> (Hochschule Karlsruhe)<\/li><li><em>\u201eWas sehen Radfahrende? Erforschung des Blickverhaltens mit Eyetracking\u201c<\/em>, <a rel=\"noreferrer noopener\" href=\"https:\/\/www.hs-karlsruhe.de\/hochschule\/personen-a-z\/details\/user\/mathias-trefzger\" target=\"_blank\">Mathias Trefzger, M.Sc.<\/a> (Hochschule Karlsruhe)<\/li><li><em>\u201eDie Miteinander-Zone als Planungsinstrument &#8211; Erfahrungen und Bewertungen aus Flensburg\u201c, <\/em>Helene Wahl, B.Sc. (Christian-Albrechts-Universit\u00e4t zu Kiel)<\/li><li>Fachliches Gespr\u00e4ch zu <em>\u201eChancen und Herausforderungen im Miteinander aktiver Mobilit\u00e4tsformen\u201c<\/em> zwischen <a rel=\"noreferrer noopener\" href=\"https:\/\/tu-dresden.de\/bu\/verkehr\/ivs\/vpsy\/die-professur\/team\/angela-francke?set_language=de\" target=\"_blank\">Dr. Angela Francke<\/a> (TU Dresden) und <a rel=\"noreferrer noopener\" href=\"https:\/\/www.hs-karlsruhe.de\/ivi\/team\/prof-dr-jochen-eckart\" target=\"_blank\">Prof. Dr. Jochen Eckart<\/a> (Hochschule Karlsruhe)<\/li><\/ul>\n\n\n\n<p>Die Teilnahme am Webinar ist m\u00f6glich unter folgendem Link:<br> <a href=\"https:\/\/iz-hs-karlsruhe.webex.com\/iz-hs-karlsruhe\/j.php?MTID=m664c9848712ae5eb23a520f997756b56\">https:\/\/iz-hs-karlsruhe.webex.com\/iz-hs-karlsruhe\/j.php?MTID=m664c9848712ae5eb23a520f997756b56<\/a><\/p>\n\n\n\n<p>Eine Anmeldung ist nicht erforderlich. Der Termin ist von der Hochschule bewusst auf die Mittagszeit gelegt worden, um auch interessierten Berufst\u00e4tigen die Teilnahme zu erm\u00f6glichen.<\/p>\n","protected":false},"excerpt":{"rendered":"<p>Die Hochschule Karlsruhe l\u00e4dt am 27.01.2021 von 12 bis 13 Uhr zum \u00f6ffentlichen Webinar \u201eRad und Fu\u00df: Gemeinsam in die Zukunft!\u201c. In drei Vortr\u00e4gen und einer fachlichen Unterhaltung geht es um Konflikte und Interaktionen zwischen Verkehrsteilnehmer*innen und L\u00f6sungen f\u00fcr ein besseres Miteinander der verschiedenen Mobilit\u00e4tsformen. Programm: \u201eRadverkehr im Dialog \u2013 Ergebnisse aus dem Reallabor GO [&hellip;]<\/p>\n","protected":false},"author":4,"featured_media":496,"comment_status":"closed","ping_status":"open","sticky":false,"template":"","format":"standard","meta":[],"categories":[57],"tags":[47,40],"_links":{"self":[{"href":"https:\/\/www.fahrradstadt-pforzheim.de\/index.php\/wp-json\/wp\/v2\/posts\/494"}],"collection":[{"href":"https:\/\/www.fahrradstadt-pforzheim.de\/index.php\/wp-json\/wp\/v2\/posts"}],"about":[{"href":"https:\/\/www.fahrradstadt-pforzheim.de\/index.php\/wp-json\/wp\/v2\/types\/post"}],"author":[{"embeddable":true,"href":"https:\/\/www.fahrradstadt-pforzheim.de\/index.php\/wp-json\/wp\/v2\/users\/4"}],"replies":[{"embeddable":true,"href":"https:\/\/www.fahrradstadt-pforzheim.de\/index.php\/wp-json\/wp\/v2\/comments?post=494"}],"version-history":[{"count":2,"href":"https:\/\/www.fahrradstadt-pforzheim.de\/index.php\/wp-json\/wp\/v2\/posts\/494\/revisions"}],"predecessor-version":[{"id":497,"href":"https:\/\/www.fahrradstadt-pforzheim.de\/index.php\/wp-json\/wp\/v2\/posts\/494\/revisions\/497"}],"wp:featuredmedia":[{"embeddable":true,"href":"https:\/\/www.fahrradstadt-pforzheim.de\/index.php\/wp-json\/wp\/v2\/media\/496"}],"wp:attachment":[{"href":"https:\/\/www.fahrradstadt-pforzheim.de\/index.php\/wp-json\/wp\/v2\/media?parent=494"}],"wp:term":[{"taxonomy":"category","embeddable":true,"href":"https:\/\/www.fahrradstadt-pforzheim.de\/index.php\/wp-json\/wp\/v2\/categories?post=494"},{"taxonomy":"post_tag","embeddable":true,"href":"https:\/\/www.fahrradstadt-pforzheim.de\/index.php\/wp-json\/wp\/v2\/tags?post=494"}],"curies":[{"name":"wp","href":"https:\/\/api.w.org\/{rel}","templated":true}]}}