{"id":498,"date":"2021-01-24T13:58:42","date_gmt":"2021-01-24T12:58:42","guid":{"rendered":"https:\/\/www.fahrradstadt-pforzheim.de\/?p=498"},"modified":"2021-05-30T00:37:08","modified_gmt":"2021-05-29T22:37:08","slug":"radfahren-waehrend-corona","status":"publish","type":"post","link":"https:\/\/www.fahrradstadt-pforzheim.de\/index.php\/2021\/01\/24\/radfahren-waehrend-corona\/","title":{"rendered":"Radfahren w\u00e4hrend der Corona-Pandemie"},"content":{"rendered":"\n<p><em>W\u00e4h\u00adrend der Corona-Pan\u00adde\u00admie Fahr\u00adrad fah\u00adren? <br>Wie hoch ist die Anste\u00adckungs\u00adge\u00adfahr beim Rad\u00adfah\u00adren? <br>Beim Rad\u00adfah\u00adren eine Maske tra\u00adgen? <br>Kann ich mich an Leih\u00adfahr\u00adr\u00e4\u00addern (oder in Pforzheim an den neuen E-Rollern) anste\u00adcken?<\/em><\/p>\n\n\n\n<p>Diese und andere <strong>Fra\u00adgen rund ums Rad\u00adfah\u00adren in Zei\u00adten von Corona<\/strong> beantworten Dr. Michael Bar\u00adc\u00adzok, Lun\u00adgen\u00adfach\u00ada\u00adrzt und Vor\u00adstands\u00admit\u00adglied des Berufs\u00adver\u00adbands der Pneu\u00admo\u00adlo\u00adgen, und Dr. Mar\u00adtin St\u00fcr\u00admer, Viro\u00adloge und Infek\u00adti\u00adons\u00adepi\u00adde\u00admi\u00ado\u00adloge, in einem <a rel=\"noreferrer noopener\" href=\"https:\/\/youtu.be\/v7tVtYOH_CQ\" target=\"_blank\">Video <\/a>der <a rel=\"noreferrer noopener\" href=\"https:\/\/www.radkultur-bw.de\/\" target=\"_blank\">Initiative RadKULTUR Baden-W\u00fcrttemberg<\/a>.<\/p>\n\n\n\n<figure class=\"wp-block-embed is-type-video is-provider-youtube wp-block-embed-youtube wp-embed-aspect-16-9 wp-has-aspect-ratio\"><div class=\"wp-block-embed__wrapper\">\n<div class='avia-iframe-wrap'><iframe loading=\"lazy\" title=\"Radfahren w\u00e4hrend der Corona-Pandemie\" width=\"1500\" height=\"844\" src=\"https:\/\/www.youtube.com\/embed\/v7tVtYOH_CQ?feature=oembed\" frameborder=\"0\" allow=\"accelerometer; autoplay; clipboard-write; encrypted-media; gyroscope; picture-in-picture\" allowfullscreen><\/iframe><\/div>\n<\/div><figcaption>&#8222;Radfahren w\u00e4hrend der Corona-Pandemie&#8220; &#8211; Aufkl\u00e4rungsfilm der Initiative RadKULTUR Baden-W\u00fcrttemberg<\/figcaption><\/figure>\n\n\n\n<p><\/p>\n","protected":false},"excerpt":{"rendered":"<p>W\u00e4h\u00adrend der Corona-Pan\u00adde\u00admie Fahr\u00adrad fah\u00adren? Wie hoch ist die Anste\u00adckungs\u00adge\u00adfahr beim Rad\u00adfah\u00adren? Beim Rad\u00adfah\u00adren eine Maske tra\u00adgen? Kann ich mich an Leih\u00adfahr\u00adr\u00e4\u00addern (oder in Pforzheim an den neuen E-Rollern) anste\u00adcken? Diese und andere Fra\u00adgen rund ums Rad\u00adfah\u00adren in Zei\u00adten von Corona beantworten Dr. Michael Bar\u00adc\u00adzok, Lun\u00adgen\u00adfach\u00ada\u00adrzt und Vor\u00adstands\u00admit\u00adglied des Berufs\u00adver\u00adbands der Pneu\u00admo\u00adlo\u00adgen, und Dr. Mar\u00adtin [&hellip;]<\/p>\n","protected":false},"author":4,"featured_media":468,"comment_status":"closed","ping_status":"open","sticky":false,"template":"","format":"standard","meta":[],"categories":[57],"tags":[47,53],"_links":{"self":[{"href":"https:\/\/www.fahrradstadt-pforzheim.de\/index.php\/wp-json\/wp\/v2\/posts\/498"}],"collection":[{"href":"https:\/\/www.fahrradstadt-pforzheim.de\/index.php\/wp-json\/wp\/v2\/posts"}],"about":[{"href":"https:\/\/www.fahrradstadt-pforzheim.de\/index.php\/wp-json\/wp\/v2\/types\/post"}],"author":[{"embeddable":true,"href":"https:\/\/www.fahrradstadt-pforzheim.de\/index.php\/wp-json\/wp\/v2\/users\/4"}],"replies":[{"embeddable":true,"href":"https:\/\/www.fahrradstadt-pforzheim.de\/index.php\/wp-json\/wp\/v2\/comments?post=498"}],"version-history":[{"count":5,"href":"https:\/\/www.fahrradstadt-pforzheim.de\/index.php\/wp-json\/wp\/v2\/posts\/498\/revisions"}],"predecessor-version":[{"id":665,"href":"https:\/\/www.fahrradstadt-pforzheim.de\/index.php\/wp-json\/wp\/v2\/posts\/498\/revisions\/665"}],"wp:featuredmedia":[{"embeddable":true,"href":"https:\/\/www.fahrradstadt-pforzheim.de\/index.php\/wp-json\/wp\/v2\/media\/468"}],"wp:attachment":[{"href":"https:\/\/www.fahrradstadt-pforzheim.de\/index.php\/wp-json\/wp\/v2\/media?parent=498"}],"wp:term":[{"taxonomy":"category","embeddable":true,"href":"https:\/\/www.fahrradstadt-pforzheim.de\/index.php\/wp-json\/wp\/v2\/categories?post=498"},{"taxonomy":"post_tag","embeddable":true,"href":"https:\/\/www.fahrradstadt-pforzheim.de\/index.php\/wp-json\/wp\/v2\/tags?post=498"}],"curies":[{"name":"wp","href":"https:\/\/api.w.org\/{rel}","templated":true}]}}