{"id":503,"date":"2021-01-24T13:58:30","date_gmt":"2021-01-24T12:58:30","guid":{"rendered":"https:\/\/www.fahrradstadt-pforzheim.de\/?p=503"},"modified":"2021-05-30T00:37:35","modified_gmt":"2021-05-29T22:37:35","slug":"land-fordert-radkultur-2021-in-17-kommunen","status":"publish","type":"post","link":"https:\/\/www.fahrradstadt-pforzheim.de\/index.php\/2021\/01\/24\/land-fordert-radkultur-2021-in-17-kommunen\/","title":{"rendered":"Land f\u00f6rdert RadKULTUR 2021 in 17 Kommunen"},"content":{"rendered":"\n<p>17 St\u00e4dte und Landkreise erhalten in diesem Jahr F\u00f6rderung des Landes im Rahmen der <a rel=\"noreferrer noopener\" href=\"https:\/\/www.radkultur-bw.de\/\" target=\"_blank\">Initiative RadKULTUR<\/a>. <\/p>\n\n\n\n<p>Wir freuen uns, dass der <a rel=\"noreferrer noopener\" href=\"https:\/\/www.baden-wuerttemberg.de\/de\/service\/presse\/pressemitteilung\/pid\/land-foerdert-radkultur-2021-in-17-kommunen\" data-type=\"URL\" data-id=\"https:\/\/www.baden-wuerttemberg.de\/de\/service\/presse\/pressemitteilung\/pid\/land-foerdert-radkultur-2021-in-17-kommunen\" target=\"_blank\">Pressemitteilung<\/a> zufolge mit&#8230;<\/p>\n\n\n\n<ul><li><em>Baden-Baden<\/em><\/li><li><em>B\u00fchl<\/em><\/li><li><em>Filderstadt<\/em><\/li><li><em>Gaggenau<\/em><\/li><li><em>Hockenheim<\/em><\/li><li><em>Konstanz<\/em><\/li><li><em>Leinfelden-Echterdingen<\/em><\/li><li><em>Mengen<\/em><\/li><li><em>Neckarsulm<\/em><\/li><li><em>Sigmaringen<\/em><\/li><li><em>Stuttgart<\/em><\/li><li><em>Tuttlingen<\/em><\/li><li><em>Villingen-Schwenningen<\/em><\/li><li><em>Landkreis B\u00f6blingen<\/em><\/li><li><em>Landkreis Konstanz<\/em><\/li><li><em>Landkreis Ludwigsburg<\/em><\/li><li><em>Landkreis Schw\u00e4bisch Hall<\/em><\/li><\/ul>\n\n\n\n<p>&#8230;\u00fcber die Landesinitiative in diesem Jahr offenbar so viele Kommunen und Landkreise gleichzeitig gef\u00f6rdert werden wie noch nie. <strong>Wir h\u00e4tten uns aber nat\u00fcrlich noch mehr gefreut, auch Pforzheim und den Enzkreis auf der <a rel=\"noreferrer noopener\" href=\"https:\/\/www.fahrradstadt-pforzheim.de\/wp-content\/uploads\/2021\/01\/csm_20210118_RADKULTUR_klein_9495051a8b.jpg\" target=\"_blank\">RadKULTUR-Landkarte<\/a> zu sehen!<\/strong> Vielleicht klappt&#8217;s ja beim n\u00e4chsten Mal&#8230;<\/p>\n\n\n\n<p>Wir verhalten uns parteipolitisch neutral, m\u00f6chten aber trotzdem noch ein Zitat aus der PM herausstellen. Nicht wegen der Person, sondern weil es inhaltlich einfach stimmt und auch in Pforzheim gilt:<\/p>\n\n\n\n<blockquote class=\"wp-block-quote\"><p>\u201eNachhaltige Mobilit\u00e4t beginnt im Kopf\u201c<\/p><cite>Verkehrsminister Winfried Hermann<\/cite><\/blockquote>\n","protected":false},"excerpt":{"rendered":"<p>17 St\u00e4dte und Landkreise erhalten in diesem Jahr F\u00f6rderung des Landes im Rahmen der Initiative RadKULTUR. Wir freuen uns, dass der Pressemitteilung zufolge mit&#8230; Baden-Baden B\u00fchl Filderstadt Gaggenau Hockenheim Konstanz Leinfelden-Echterdingen Mengen Neckarsulm Sigmaringen Stuttgart Tuttlingen Villingen-Schwenningen Landkreis B\u00f6blingen Landkreis Konstanz Landkreis Ludwigsburg Landkreis Schw\u00e4bisch Hall &#8230;\u00fcber die Landesinitiative in diesem Jahr offenbar so viele [&hellip;]<\/p>\n","protected":false},"author":4,"featured_media":502,"comment_status":"closed","ping_status":"open","sticky":false,"template":"","format":"standard","meta":[],"categories":[57,4,12],"tags":[47],"_links":{"self":[{"href":"https:\/\/www.fahrradstadt-pforzheim.de\/index.php\/wp-json\/wp\/v2\/posts\/503"}],"collection":[{"href":"https:\/\/www.fahrradstadt-pforzheim.de\/index.php\/wp-json\/wp\/v2\/posts"}],"about":[{"href":"https:\/\/www.fahrradstadt-pforzheim.de\/index.php\/wp-json\/wp\/v2\/types\/post"}],"author":[{"embeddable":true,"href":"https:\/\/www.fahrradstadt-pforzheim.de\/index.php\/wp-json\/wp\/v2\/users\/4"}],"replies":[{"embeddable":true,"href":"https:\/\/www.fahrradstadt-pforzheim.de\/index.php\/wp-json\/wp\/v2\/comments?post=503"}],"version-history":[{"count":3,"href":"https:\/\/www.fahrradstadt-pforzheim.de\/index.php\/wp-json\/wp\/v2\/posts\/503\/revisions"}],"predecessor-version":[{"id":506,"href":"https:\/\/www.fahrradstadt-pforzheim.de\/index.php\/wp-json\/wp\/v2\/posts\/503\/revisions\/506"}],"wp:featuredmedia":[{"embeddable":true,"href":"https:\/\/www.fahrradstadt-pforzheim.de\/index.php\/wp-json\/wp\/v2\/media\/502"}],"wp:attachment":[{"href":"https:\/\/www.fahrradstadt-pforzheim.de\/index.php\/wp-json\/wp\/v2\/media?parent=503"}],"wp:term":[{"taxonomy":"category","embeddable":true,"href":"https:\/\/www.fahrradstadt-pforzheim.de\/index.php\/wp-json\/wp\/v2\/categories?post=503"},{"taxonomy":"post_tag","embeddable":true,"href":"https:\/\/www.fahrradstadt-pforzheim.de\/index.php\/wp-json\/wp\/v2\/tags?post=503"}],"curies":[{"name":"wp","href":"https:\/\/api.w.org\/{rel}","templated":true}]}}