{"id":630,"date":"2021-03-07T22:19:10","date_gmt":"2021-03-07T21:19:10","guid":{"rendered":"https:\/\/www.fahrradstadt-pforzheim.de\/?p=630"},"modified":"2021-05-30T00:38:58","modified_gmt":"2021-05-29T22:38:58","slug":"frauen-veraendern-die-welt-fuer-frauen","status":"publish","type":"post","link":"https:\/\/www.fahrradstadt-pforzheim.de\/index.php\/2021\/03\/07\/frauen-veraendern-die-welt-fuer-frauen\/","title":{"rendered":"Frauen ver\u00e4ndern die Welt f\u00fcr Frauen"},"content":{"rendered":"\n<blockquote class=\"wp-block-quote\"><p>Frauen ver\u00e4ndern die Welt f\u00fcr Frauen. Auf der ganzen Welt helfen Frauen zusammen, um Barrieren abzubauen, mehr Wahrnehmung zu erreichen und das Leben und den Alltag von Frauen und M\u00e4dchen in der Gesellschaft und ihrer lokalen Umgebung zu verbessern. Seit 2013 ist der FANCY WOMEN BIKE RIDE stetig gewachsen und findet heute schon in 120 St\u00e4dten in 25 L\u00e4ndern statt. Unsere internationale Bewegung setzt sich dabei f\u00fcr die Steigerung des Radverkehrs und eine zeitgem\u00e4\u00dfe Aufteilung des \u00f6ffentlichen Raums ein. Wir werden die Kampagne fortsetzen, weil uns die Erfahrung zeigt, dass lokale Frauenbewegungen den sozialen und kulturellen Wandel vor Ort am erfolgreichsten vorantreiben. Als Bewegung von Frauen f\u00fcr Frauen sind sie nah dran und wissen am besten, wie es in ihrer Gesellschaft um die Rechte von Frauen steht. Zusammen k\u00f6nnen wir die Welt ver\u00e4ndern!<\/p><cite>Pinar Pinzuti, Gr\u00fcnderin des FANCY WOMEN BIKE RIDE zum Weltfrauentag am 08. M\u00e4rz 2021<\/cite><\/blockquote>\n\n\n\n<p>Der FANCY WOMEN BIKE RIDE wurde 2013 im t\u00fcrkischen Izmir ins Leben gerufen und hat 2020 bereits in 120 St\u00e4dten stattgefunden. Auch in <a rel=\"noreferrer noopener\" href=\"https:\/\/www.fahrradstadt-pforzheim.de\/index.php\/2020\/09\/20\/fancy-women-bike-ride\/\" target=\"_blank\">Pforzheim<\/a> waren letztes Jahr bei der Premiere \u00fcber sechzig Teilnehmerinnen mit Geklingel, Spa\u00df und DJ-Begleitung mit ihren geschm\u00fcckten Fahrr\u00e4dern in der Innenstadt unterwegs, um ein farbenfrohes Zeichen f\u00fcr die Rechte von Frauen zu setzen. <\/p>\n\n\n\n<p><strong>Zum Vormerken:<\/strong> Wenn die Corona-Pandemie es zul\u00e4sst, rollt der FANCY WOMEN BIKE RIDE dieses Jahr am <strong>19. September<\/strong> durch die Stadt. Weitere Infos findet ihr auf <a rel=\"noreferrer noopener\" href=\"https:\/\/www.instagram.com\/fancywomenbikeridepforzheim\/\" target=\"_blank\">Instagram<\/a> und auf <a rel=\"noreferrer noopener\" href=\"https:\/\/de-de.facebook.com\/fancywomenbikeride\/\" target=\"_blank\">Facebook<\/a>.<\/p>\n\n\n\n<p>Mehr \u00fcber den FANCY WOMEN BIKE RIDE und seine Gr\u00fcnderinnen erfahrt ihr im Artikel <a href=\"https:\/\/www.zeit.de\/gesellschaft\/zeitgeschehen\/2017-09\/fancy-women-bike-ride-tuerkei-izmir\" target=\"_blank\" rel=\"noreferrer noopener\">&#8222;Fahrrad gleich Freiheit&#8220;<\/a> von <a href=\"https:\/\/www.zeit.de\/autoren\/R\/Andrea_Reidl\/index.xml\" target=\"_blank\" rel=\"noreferrer noopener\">Andrea Reidl<\/a> auf ZEIT ONLINE. <\/p>\n","protected":false},"excerpt":{"rendered":"<p>Frauen ver\u00e4ndern die Welt f\u00fcr Frauen. Auf der ganzen Welt helfen Frauen zusammen, um Barrieren abzubauen, mehr Wahrnehmung zu erreichen und das Leben und den Alltag von Frauen und M\u00e4dchen in der Gesellschaft und ihrer lokalen Umgebung zu verbessern. Seit 2013 ist der FANCY WOMEN BIKE RIDE stetig gewachsen und findet heute schon in 120 [&hellip;]<\/p>\n","protected":false},"author":4,"featured_media":632,"comment_status":"closed","ping_status":"open","sticky":false,"template":"","format":"standard","meta":[],"categories":[7,4],"tags":[32],"_links":{"self":[{"href":"https:\/\/www.fahrradstadt-pforzheim.de\/index.php\/wp-json\/wp\/v2\/posts\/630"}],"collection":[{"href":"https:\/\/www.fahrradstadt-pforzheim.de\/index.php\/wp-json\/wp\/v2\/posts"}],"about":[{"href":"https:\/\/www.fahrradstadt-pforzheim.de\/index.php\/wp-json\/wp\/v2\/types\/post"}],"author":[{"embeddable":true,"href":"https:\/\/www.fahrradstadt-pforzheim.de\/index.php\/wp-json\/wp\/v2\/users\/4"}],"replies":[{"embeddable":true,"href":"https:\/\/www.fahrradstadt-pforzheim.de\/index.php\/wp-json\/wp\/v2\/comments?post=630"}],"version-history":[{"count":5,"href":"https:\/\/www.fahrradstadt-pforzheim.de\/index.php\/wp-json\/wp\/v2\/posts\/630\/revisions"}],"predecessor-version":[{"id":766,"href":"https:\/\/www.fahrradstadt-pforzheim.de\/index.php\/wp-json\/wp\/v2\/posts\/630\/revisions\/766"}],"wp:featuredmedia":[{"embeddable":true,"href":"https:\/\/www.fahrradstadt-pforzheim.de\/index.php\/wp-json\/wp\/v2\/media\/632"}],"wp:attachment":[{"href":"https:\/\/www.fahrradstadt-pforzheim.de\/index.php\/wp-json\/wp\/v2\/media?parent=630"}],"wp:term":[{"taxonomy":"category","embeddable":true,"href":"https:\/\/www.fahrradstadt-pforzheim.de\/index.php\/wp-json\/wp\/v2\/categories?post=630"},{"taxonomy":"post_tag","embeddable":true,"href":"https:\/\/www.fahrradstadt-pforzheim.de\/index.php\/wp-json\/wp\/v2\/tags?post=630"}],"curies":[{"name":"wp","href":"https:\/\/api.w.org\/{rel}","templated":true}]}}