{"id":64,"date":"2020-04-01T19:52:00","date_gmt":"2020-04-01T17:52:00","guid":{"rendered":"http:\/\/212.227.200.129\/?p=64"},"modified":"2023-10-22T18:16:16","modified_gmt":"2023-10-22T16:16:16","slug":"engpass-beim-rialto","status":"publish","type":"post","link":"https:\/\/www.fahrradstadt-pforzheim.de\/index.php\/2020\/04\/01\/engpass-beim-rialto\/","title":{"rendered":"Engpass beim Rialto"},"content":{"rendered":"\n<p>Besonders erstaunlich ist der Verlauf des Enztalradwegs entlang der Bissinger- und der Simmlerstrasse durch eine Shisha Bar (siehe Bild), wo man praktisch w\u00e4hrend der Fahrt dem Ober die Getr\u00e4nke vom Tablett nehmen kann. Im  weiteren Verlauf verl\u00e4uft sie \u00fcber den  Eingang zum  Friseurgesch\u00e4ft &#8222;Barbers&#8220; und durch ein Restaurant. Die Strecke, die offiziell als touristisches Angebot bis Bad Liebenzell angepriesen wird, ist besonders f\u00fcr Fussg\u00e4nger gef\u00e4hrlich, da der Radweg der Gehweg ist. Es wurde bereits von diversen Unf\u00e4llen  berichtet.<\/p>\n\n\n\n<p>Die Critical Mass f\u00fchrte daher dort unter anderem im Rahmen der Aktion &#8222;Ab in den S\u00fcden&#8220; eine Intensivbefahrung durch,  sowie eine Unterschriftenaktion. Als Reaktion auf die Unterschriftenaktion versprach  OB Boch im September 2019 die Verlegung des Enztalradwegs auf die S\u00fcdseite der Enz. <\/p>\n\n\n\n<div class=\"wp-block-file\"><a href=\"https:\/\/www.fahrradstadt-pforzheim.de\/wp-content\/uploads\/2020\/04\/PK-Artikel-Enztalradweg-19_09_13-Boch-verspricht-ihn-auf-die-Suedseite-zu-verlegen.pdf\">PK Artikel Enztalradweg 19_09_13 Boch verspricht ihn auf die S\u00fcdseite zu verlegen<\/a><a href=\"https:\/\/www.fahrradstadt-pforzheim.de\/wp-content\/uploads\/2020\/04\/PK-Artikel-Enztalradweg-19_09_13-Boch-verspricht-ihn-auf-die-Suedseite-zu-verlegen.pdf\" class=\"wp-block-file__button\" download>Herunterladen<\/a><\/div>\n\n\n\n<p>(der h\u00e4ndische Datumseintrag auf dem oben verlinkten Artikel ist ein Jahr zu sp\u00e4t &#8211; der Artikel erschien in 2019)<\/p>\n\n\n\n<p>Im Oktober 2023 findet anl\u00e4sslich der Critical Mass eine Gedenkbefahrung des nach wie vor auf der n\u00f6rdlichen Seite der Enz befindlichen Enztalradwegs statt.<\/p>\n","protected":false},"excerpt":{"rendered":"<p>Besonders erstaunlich ist der Verlauf des Enztalradwegs entlang der Bissinger- und der Simmlerstrasse durch eine Shisha Bar (siehe Bild), wo man praktisch w\u00e4hrend der Fahrt dem Ober die Getr\u00e4nke vom Tablett nehmen kann. Im weiteren Verlauf verl\u00e4uft sie \u00fcber den Eingang zum Friseurgesch\u00e4ft &#8222;Barbers&#8220; und durch ein Restaurant. Die Strecke, die offiziell als touristisches Angebot [&hellip;]<\/p>\n","protected":false},"author":7,"featured_media":22,"comment_status":"closed","ping_status":"open","sticky":false,"template":"","format":"standard","meta":[],"categories":[5],"tags":[24,23],"_links":{"self":[{"href":"https:\/\/www.fahrradstadt-pforzheim.de\/index.php\/wp-json\/wp\/v2\/posts\/64"}],"collection":[{"href":"https:\/\/www.fahrradstadt-pforzheim.de\/index.php\/wp-json\/wp\/v2\/posts"}],"about":[{"href":"https:\/\/www.fahrradstadt-pforzheim.de\/index.php\/wp-json\/wp\/v2\/types\/post"}],"author":[{"embeddable":true,"href":"https:\/\/www.fahrradstadt-pforzheim.de\/index.php\/wp-json\/wp\/v2\/users\/7"}],"replies":[{"embeddable":true,"href":"https:\/\/www.fahrradstadt-pforzheim.de\/index.php\/wp-json\/wp\/v2\/comments?post=64"}],"version-history":[{"count":4,"href":"https:\/\/www.fahrradstadt-pforzheim.de\/index.php\/wp-json\/wp\/v2\/posts\/64\/revisions"}],"predecessor-version":[{"id":2127,"href":"https:\/\/www.fahrradstadt-pforzheim.de\/index.php\/wp-json\/wp\/v2\/posts\/64\/revisions\/2127"}],"wp:featuredmedia":[{"embeddable":true,"href":"https:\/\/www.fahrradstadt-pforzheim.de\/index.php\/wp-json\/wp\/v2\/media\/22"}],"wp:attachment":[{"href":"https:\/\/www.fahrradstadt-pforzheim.de\/index.php\/wp-json\/wp\/v2\/media?parent=64"}],"wp:term":[{"taxonomy":"category","embeddable":true,"href":"https:\/\/www.fahrradstadt-pforzheim.de\/index.php\/wp-json\/wp\/v2\/categories?post=64"},{"taxonomy":"post_tag","embeddable":true,"href":"https:\/\/www.fahrradstadt-pforzheim.de\/index.php\/wp-json\/wp\/v2\/tags?post=64"}],"curies":[{"name":"wp","href":"https:\/\/api.w.org\/{rel}","templated":true}]}}