{"id":671,"date":"2021-06-22T11:47:09","date_gmt":"2021-06-22T09:47:09","guid":{"rendered":"https:\/\/www.fahrradstadt-pforzheim.de\/?p=671"},"modified":"2021-10-19T22:23:18","modified_gmt":"2021-10-19T20:23:18","slug":"stadtradeln-2021","status":"publish","type":"post","link":"https:\/\/www.fahrradstadt-pforzheim.de\/index.php\/2021\/06\/22\/stadtradeln-2021\/","title":{"rendered":"STADTRADELN 2021"},"content":{"rendered":"\n<p>Nachdem uns <a rel=\"noreferrer noopener\" href=\"https:\/\/www.stadtradeln.de\/pforzheim\" target=\"_blank\">STADTRADELN<\/a> letztes Jahr trotz Corona so viel Spa\u00df gemacht hat, m\u00f6chten wir euch gerne auf die neue STADTRADELN-Saison hinweisen. In Pforzheim und dem Enzkreis findet STADTRADELN dieses Jahr vom 16. Juli bis zum 5. August statt. Meldet euch am besten gleich an unter <a rel=\"noreferrer noopener\" href=\"https:\/\/www.stadtradeln.de\/pforzheim\" target=\"_blank\">https:\/\/www.stadtradeln.de\/pforzheim<\/a>.<\/p>\n\n\n\n<p>Wenn ihr letztes Jahr schon mitgemacht habt, k\u00f6nnt ihr mit wenigen Schritten euer STADTRADELN-Profil von 2020 reaktivieren. <\/p>\n\n\n\n<figure class=\"wp-block-image size-large\"><img loading=\"lazy\" width=\"616\" height=\"873\" src=\"https:\/\/www.fahrradstadt-pforzheim.de\/wp-content\/uploads\/2021\/06\/STADTRADELN-Pforzheim-Enzkreis.jpg\" alt=\"\" class=\"wp-image-709\" srcset=\"https:\/\/www.fahrradstadt-pforzheim.de\/wp-content\/uploads\/2021\/06\/STADTRADELN-Pforzheim-Enzkreis.jpg 616w, https:\/\/www.fahrradstadt-pforzheim.de\/wp-content\/uploads\/2021\/06\/STADTRADELN-Pforzheim-Enzkreis-212x300.jpg 212w, https:\/\/www.fahrradstadt-pforzheim.de\/wp-content\/uploads\/2021\/06\/STADTRADELN-Pforzheim-Enzkreis-497x705.jpg 497w\" sizes=\"(max-width: 616px) 100vw, 616px\" \/><figcaption>Werbeposter STADTRADELN Pforzheim-Enzkreis (als PDF-Version <a rel=\"noreferrer noopener\" href=\"https:\/\/www.fahrradstadt-pforzheim.de\/wp-content\/uploads\/2021\/06\/SR_Poster2021_Enz01.pdf\" target=\"_blank\">hier<\/a>)<\/figcaption><\/figure>\n\n\n\n<p><strong>Was ist STADTRADELN?<\/strong><\/p>\n\n\n\n<blockquote class=\"wp-block-quote\"><p>STADTRADELN ist ein Wettbewerb, bei dem es darum geht, 21 Tage lang m\u00f6glichst viele Alltagswege klimafreundlich mit dem Fahrrad zur\u00fcckzulegen. Dabei ist es egal, ob du bereits jeden Tag f\u00e4hrst oder bisher eher selten mit dem Rad unterwegs bist. Jeder Kilometer z\u00e4hlt \u2013 erst recht wenn du ihn sonst mit dem Auto zur\u00fcckgelegt h\u00e4ttest.<\/p><cite>Fortsetzung und ausf\u00fchrliche Beschreibung auf <a rel=\"noreferrer noopener\" href=\"https:\/\/www.stadtradeln.de\/darum-geht-es\" target=\"_blank\">stadtradeln.de<\/a><\/cite><\/blockquote>\n\n\n\n<p>Bei der Mitmachaktion (Spielregeln <a rel=\"noreferrer noopener\" href=\"https:\/\/www.stadtradeln.de\/spielregeln#c19849\" target=\"_blank\">hier<\/a> nachzulesen) geht es darum, aufzuzeigen, wie viele Menschen bereits mit dem Fahrrad unterwegs sind. Aus Pforzheimer Sicht deutlich wichtiger ist allerdings: Wir k\u00f6nnen mit der Teilnahme an STADTRADELN und der <a rel=\"noreferrer noopener\" href=\"https:\/\/www.stadtradeln.de\/app\" target=\"_blank\">STADTRADELN-App<\/a> f\u00fcr Verkehrsplanung und Politik dokumentieren, wo es in Pforzheim und Umgebung aktuell noch an der erforderlichen Radinfrastruktur fehlt, die wir (und vor allem unsere Kinder) brauchen, um schnell und sicher ans Ziel kommen.<\/p>\n\n\n\n<p>Neben der Radverkehrsinfrastruktur geht es bei STADTRADELN aber auch einfach nur um Spa\u00df am gemeinsamen Radeln und spielerischen Wettkampf mit anderen Kommunen und anderen Teams. Egal, ob ihr die von euch geradelten Kilometer f\u00fcr unser offenes <a rel=\"noreferrer noopener\" href=\"https:\/\/www.stadtradeln.de\/index.php?id=171&amp;L=1&amp;team_preselect=32884\" target=\"_blank\">Critical Mass-Team<\/a> erfasst oder besser noch zusammen mit Freunden, Nachbarschaft oder Kollegen*innen f\u00fcr ein von euch selbst gegr\u00fcndetes Team &#8211; Tabellenfieber ist vorprogrammiert. Wir garantieren euch, dass ihr gegen Ende immer h\u00e4ufiger das Ranking eures Teams pr\u00fcfen und breit grinsen werdet, wenn ihr das Konkurrenzteam eurer Wahl* doch noch eingeholt habt. \ud83d\ude42<br>*@Co-Redakteur: Mal sehen, wer dieses Mal die Nase vorne hat. \ud83d\ude09<\/p>\n\n\n\n<blockquote class=\"wp-block-quote\"><p>Die Verkehrswende ist gesund und alles andere als ein Verzicht! St\u00e4dte wie Kopenhagen sind der beste Beweis! Ich bin mir sicher: \u201eWo ein Wille ist, ist auch ein Radweg! Think globally, ride locally \u2013 beim STADTRADELN 2021!&#8220;<\/p><cite>Arzt und Wissenschaftsjournalist Dr. Eckart von Hirschhausen &#8211; Quelle: <a rel=\"noreferrer noopener\" href=\"https:\/\/www.stadtradeln.de\/promis#c110757\" target=\"_blank\">stadtradeln.de<\/a> &#8211; Weitere Promi-Aussagen zu Radfahren und Radverkehr siehe <a rel=\"noreferrer noopener\" href=\"https:\/\/www.fahrradstadt-pforzheim.de\/index.php\/2021\/06\/20\/promi-aussagen-zu-radfahren\/\" target=\"_blank\">Radkultur<\/a>.<\/cite><\/blockquote>\n\n\n\n<figure class=\"wp-block-image size-large\"><img loading=\"lazy\" width=\"567\" height=\"340\" src=\"https:\/\/www.fahrradstadt-pforzheim.de\/wp-content\/uploads\/2021\/06\/Stadtradeln_quadratisch_RGB_72dpi.jpg\" alt=\"\" class=\"wp-image-708\" srcset=\"https:\/\/www.fahrradstadt-pforzheim.de\/wp-content\/uploads\/2021\/06\/Stadtradeln_quadratisch_RGB_72dpi.jpg 567w, https:\/\/www.fahrradstadt-pforzheim.de\/wp-content\/uploads\/2021\/06\/Stadtradeln_quadratisch_RGB_72dpi-300x180.jpg 300w\" sizes=\"(max-width: 567px) 100vw, 567px\" \/><figcaption>STADTRADELN-Logo<\/figcaption><\/figure>\n","protected":false},"excerpt":{"rendered":"<p>Nachdem uns STADTRADELN letztes Jahr trotz Corona so viel Spa\u00df gemacht hat, m\u00f6chten wir euch gerne auf die neue STADTRADELN-Saison hinweisen. In Pforzheim und dem Enzkreis findet STADTRADELN dieses Jahr vom 16. Juli bis zum 5. August statt. Meldet euch am besten gleich an unter https:\/\/www.stadtradeln.de\/pforzheim. Wenn ihr letztes Jahr schon mitgemacht habt, k\u00f6nnt ihr [&hellip;]<\/p>\n","protected":false},"author":8,"featured_media":709,"comment_status":"closed","ping_status":"open","sticky":false,"template":"","format":"standard","meta":[],"categories":[4,2],"tags":[67,68],"_links":{"self":[{"href":"https:\/\/www.fahrradstadt-pforzheim.de\/index.php\/wp-json\/wp\/v2\/posts\/671"}],"collection":[{"href":"https:\/\/www.fahrradstadt-pforzheim.de\/index.php\/wp-json\/wp\/v2\/posts"}],"about":[{"href":"https:\/\/www.fahrradstadt-pforzheim.de\/index.php\/wp-json\/wp\/v2\/types\/post"}],"author":[{"embeddable":true,"href":"https:\/\/www.fahrradstadt-pforzheim.de\/index.php\/wp-json\/wp\/v2\/users\/8"}],"replies":[{"embeddable":true,"href":"https:\/\/www.fahrradstadt-pforzheim.de\/index.php\/wp-json\/wp\/v2\/comments?post=671"}],"version-history":[{"count":4,"href":"https:\/\/www.fahrradstadt-pforzheim.de\/index.php\/wp-json\/wp\/v2\/posts\/671\/revisions"}],"predecessor-version":[{"id":713,"href":"https:\/\/www.fahrradstadt-pforzheim.de\/index.php\/wp-json\/wp\/v2\/posts\/671\/revisions\/713"}],"wp:featuredmedia":[{"embeddable":true,"href":"https:\/\/www.fahrradstadt-pforzheim.de\/index.php\/wp-json\/wp\/v2\/media\/709"}],"wp:attachment":[{"href":"https:\/\/www.fahrradstadt-pforzheim.de\/index.php\/wp-json\/wp\/v2\/media?parent=671"}],"wp:term":[{"taxonomy":"category","embeddable":true,"href":"https:\/\/www.fahrradstadt-pforzheim.de\/index.php\/wp-json\/wp\/v2\/categories?post=671"},{"taxonomy":"post_tag","embeddable":true,"href":"https:\/\/www.fahrradstadt-pforzheim.de\/index.php\/wp-json\/wp\/v2\/tags?post=671"}],"curies":[{"name":"wp","href":"https:\/\/api.w.org\/{rel}","templated":true}]}}