{"id":897,"date":"2021-10-18T01:38:13","date_gmt":"2021-10-17T23:38:13","guid":{"rendered":"https:\/\/www.fahrradstadt-pforzheim.de\/?p=897"},"modified":"2022-08-30T15:12:02","modified_gmt":"2022-08-30T13:12:02","slug":"was-wuenschen-sich-eure-enkel-kinder","status":"publish","type":"post","link":"https:\/\/www.fahrradstadt-pforzheim.de\/index.php\/2021\/10\/18\/was-wuenschen-sich-eure-enkel-kinder\/","title":{"rendered":"Was w\u00fcnschen sich eure (Enkel-)Kinder?"},"content":{"rendered":"\n<p>Wie bereits <a rel=\"noreferrer noopener\" href=\"https:\/\/www.fahrradstadt-pforzheim.de\/index.php\/2021\/10\/07\/was-wuenscht-ihr-euch-als-fussgaengerin-oder-radfahrerin-fuer-pforzheim\/\" target=\"_blank\">berichtet<\/a> hat der&nbsp;<a rel=\"noreferrer noopener\" href=\"https:\/\/dksb-pforzheim.de\/\" target=\"_blank\">Kinderschutzbund Pforzheim Enzkreis e.V.<\/a>&nbsp;, gemeinsam mit der&nbsp;<a rel=\"noreferrer noopener\" href=\"https:\/\/stadtbibliothek.pforzheim.de\/\" target=\"_blank\">Stadtbibliothek<\/a>&nbsp;und dem&nbsp;<a rel=\"noreferrer noopener\" href=\"https:\/\/moki.sjr-pforzheim.de\/\" target=\"_blank\">Fachbereich mobile Kinderangebote des Stadtjugendrings<\/a>&nbsp;das Beteiligungsprojekt \u201e<a rel=\"noreferrer noopener\" href=\"https:\/\/dksb-pforzheim.de\/wie-wuenschst-du-dir-deine-zukunft\/\" target=\"_blank\">Die kindgerechte Stadt \u2013 Perspektiven und W\u00fcnsche von Kindern\u201c<\/a>&nbsp;gestartet. <\/p>\n\n\n\n<p>Hier ein Film vom Auftakt beim <a href=\"https:\/\/www.wdrmaus.de\/tuer_oeffner_tag\/2021\/index.php5?detail=718325\" target=\"_blank\" rel=\"noreferrer noopener\">Maus-T\u00fcr\u00f6ffner-Tag<\/a> am 3. Oktober in der Stadtbibliothek:<\/p>\n\n\n\n<figure class=\"wp-block-video\"><video controls poster=\"https:\/\/www.fahrradstadt-pforzheim.de\/wp-content\/uploads\/2021\/10\/Vorschaubild_Wie_wuenschst_du_dir_deine_Zukunft.png\" src=\"https:\/\/dksb-pforzheim.de\/wp-content\/uploads\/Kinderschutzbund-Maus-Tueroeffnertag.mov\"><\/video><\/figure>\n\n\n\n<p><strong>Teilt den Film und macht das Projekt bitte in Familie und Freundeskreis bekannt:<\/strong> Bis zum Jahresende k\u00f6nnen Pforzheimer Kinder mit Einverst\u00e4ndnis (und ggf. technischer Unterst\u00fctzung) ihrer Eltern mit Hilfe kurzer Videoclips mitteilen, was ihnen in Pforzheim gef\u00e4llt \u2013 oder was sie sich aus ihrer Expertenperspektive in ihrer Umgebung anders w\u00fcnschen (beispielsweise einen Zebrastreifen oder einen Radweg\u2026). <\/p>\n\n\n\n<p>Eltern, Lehrer*innen und weitere Interessierte finden alle relevanten Informationen im&nbsp;<a rel=\"noreferrer noopener\" href=\"https:\/\/dksb-pforzheim.de\/wp-content\/uploads\/Zukunftsprojekt-Kinder_web.pdf\" target=\"_blank\">Projektflyer<\/a>&nbsp;des Kinderschutzbunds.<\/p>\n","protected":false},"excerpt":{"rendered":"<p>Wie bereits berichtet hat der&nbsp;Kinderschutzbund Pforzheim Enzkreis e.V.&nbsp;, gemeinsam mit der&nbsp;Stadtbibliothek&nbsp;und dem&nbsp;Fachbereich mobile Kinderangebote des Stadtjugendrings&nbsp;das Beteiligungsprojekt \u201eDie kindgerechte Stadt \u2013 Perspektiven und W\u00fcnsche von Kindern\u201c&nbsp;gestartet. Hier ein Film vom Auftakt beim Maus-T\u00fcr\u00f6ffner-Tag am 3. Oktober in der Stadtbibliothek: Teilt den Film und macht das Projekt bitte in Familie und Freundeskreis bekannt: Bis zum Jahresende [&hellip;]<\/p>\n","protected":false},"author":4,"featured_media":883,"comment_status":"closed","ping_status":"open","sticky":false,"template":"","format":"standard","meta":[],"categories":[4],"tags":[67,56,53],"_links":{"self":[{"href":"https:\/\/www.fahrradstadt-pforzheim.de\/index.php\/wp-json\/wp\/v2\/posts\/897"}],"collection":[{"href":"https:\/\/www.fahrradstadt-pforzheim.de\/index.php\/wp-json\/wp\/v2\/posts"}],"about":[{"href":"https:\/\/www.fahrradstadt-pforzheim.de\/index.php\/wp-json\/wp\/v2\/types\/post"}],"author":[{"embeddable":true,"href":"https:\/\/www.fahrradstadt-pforzheim.de\/index.php\/wp-json\/wp\/v2\/users\/4"}],"replies":[{"embeddable":true,"href":"https:\/\/www.fahrradstadt-pforzheim.de\/index.php\/wp-json\/wp\/v2\/comments?post=897"}],"version-history":[{"count":6,"href":"https:\/\/www.fahrradstadt-pforzheim.de\/index.php\/wp-json\/wp\/v2\/posts\/897\/revisions"}],"predecessor-version":[{"id":1594,"href":"https:\/\/www.fahrradstadt-pforzheim.de\/index.php\/wp-json\/wp\/v2\/posts\/897\/revisions\/1594"}],"wp:featuredmedia":[{"embeddable":true,"href":"https:\/\/www.fahrradstadt-pforzheim.de\/index.php\/wp-json\/wp\/v2\/media\/883"}],"wp:attachment":[{"href":"https:\/\/www.fahrradstadt-pforzheim.de\/index.php\/wp-json\/wp\/v2\/media?parent=897"}],"wp:term":[{"taxonomy":"category","embeddable":true,"href":"https:\/\/www.fahrradstadt-pforzheim.de\/index.php\/wp-json\/wp\/v2\/categories?post=897"},{"taxonomy":"post_tag","embeddable":true,"href":"https:\/\/www.fahrradstadt-pforzheim.de\/index.php\/wp-json\/wp\/v2\/tags?post=897"}],"curies":[{"name":"wp","href":"https:\/\/api.w.org\/{rel}","templated":true}]}}