{"id":999,"date":"2021-11-21T21:31:01","date_gmt":"2021-11-21T20:31:01","guid":{"rendered":"https:\/\/www.fahrradstadt-pforzheim.de\/?p=999"},"modified":"2022-08-30T15:10:18","modified_gmt":"2022-08-30T13:10:18","slug":"familienfreundlichkeitspreis-2021","status":"publish","type":"post","link":"https:\/\/www.fahrradstadt-pforzheim.de\/index.php\/2021\/11\/21\/familienfreundlichkeitspreis-2021\/","title":{"rendered":"Familien-Freundlichkeitspreis 2021!"},"content":{"rendered":"\n<figure class=\"wp-block-image size-large\"><img loading=\"lazy\" width=\"1030\" height=\"1030\" src=\"https:\/\/www.fahrradstadt-pforzheim.de\/wp-content\/uploads\/2021\/11\/FFP_Sharepics_11212-1030x1030.jpg\" alt=\"\" class=\"wp-image-996\" srcset=\"https:\/\/www.fahrradstadt-pforzheim.de\/wp-content\/uploads\/2021\/11\/FFP_Sharepics_11212-1030x1030.jpg 1030w, https:\/\/www.fahrradstadt-pforzheim.de\/wp-content\/uploads\/2021\/11\/FFP_Sharepics_11212-300x300.jpg 300w, https:\/\/www.fahrradstadt-pforzheim.de\/wp-content\/uploads\/2021\/11\/FFP_Sharepics_11212-80x80.jpg 80w, https:\/\/www.fahrradstadt-pforzheim.de\/wp-content\/uploads\/2021\/11\/FFP_Sharepics_11212-768x768.jpg 768w, https:\/\/www.fahrradstadt-pforzheim.de\/wp-content\/uploads\/2021\/11\/FFP_Sharepics_11212-1536x1536.jpg 1536w, https:\/\/www.fahrradstadt-pforzheim.de\/wp-content\/uploads\/2021\/11\/FFP_Sharepics_11212-2048x2048.jpg 2048w, https:\/\/www.fahrradstadt-pforzheim.de\/wp-content\/uploads\/2021\/11\/FFP_Sharepics_11212-36x36.jpg 36w, https:\/\/www.fahrradstadt-pforzheim.de\/wp-content\/uploads\/2021\/11\/FFP_Sharepics_11212-180x180.jpg 180w, https:\/\/www.fahrradstadt-pforzheim.de\/wp-content\/uploads\/2021\/11\/FFP_Sharepics_11212-1500x1500.jpg 1500w, https:\/\/www.fahrradstadt-pforzheim.de\/wp-content\/uploads\/2021\/11\/FFP_Sharepics_11212-705x705.jpg 705w\" sizes=\"(max-width: 1030px) 100vw, 1030px\" \/><figcaption>(Preismotiv \u00a9 Stadt Pforzheim, Koordinierungsstelle Familienfreundliche Stadt \/ Montage Critical Mass Pforzheim)<\/figcaption><\/figure>\n\n\n\n<p>Wir haben zusammen mit unseren Kooperationspartnern und allen treuen Aktionsteilnehmer*innen mit unserem Projekt <a rel=\"noreferrer noopener\" href=\"https:\/\/www.fahrradstadt-pforzheim.de\/index.php\/2021\/09\/09\/kidical-mass-18092021\/\" target=\"_blank\">Kidical Mass<\/a> den <a rel=\"noreferrer noopener\" href=\"https:\/\/www.familie-pforzheim.de\/familienfreundlichkeitspreis.html\" target=\"_blank\">&#8222;Familienfreundlichkeitspreis 2021&#8220;<\/a> der Stadt Pforzheim eingefahren! Hier der <a href=\"https:\/\/www.fahrradstadt-pforzheim.de\/index.php\/2021\/12\/05\/familien-freundlichkeitspreis-fuehrt-filmteam-zur-critical-mass\/\" target=\"_blank\" rel=\"noreferrer noopener\">Film, der unsere Aktion erkl\u00e4rt<\/a>.<br><\/p>\n\n\n\n<blockquote class=\"wp-block-quote\"><p>Die Initiatoren haben es mit z\u00e4hem Engagement geschafft, mittlerweile zur Stimme der Fahrradfahrer und des Radverkehrs zu werden. Sie sind im politischen Raum etabliert und gut vernetzt. <\/p><cite>Carola Pigisch, Koordinierungsstelle Familienfreundliche Stadt, zur Verleihung des <a rel=\"noreferrer noopener\" href=\"https:\/\/www.familie-pforzheim.de\/familienfreundlichkeitspreis.html\" target=\"_blank\">&#8222;Familienfreundlichkeitspreis 2021&#8220;<\/a> an unsere <a rel=\"noreferrer noopener\" href=\"https:\/\/www.fahrradstadt-pforzheim.de\/#wersindwir\" target=\"_blank\">Initiative Critical Mass<\/a> f\u00fcr das Projekt <a href=\"https:\/\/www.fahrradstadt-pforzheim.de\/index.php\/2021\/09\/09\/kidical-mass-18092021\/\" target=\"_blank\" rel=\"noreferrer noopener\">Kidical Mass<\/a><\/cite><\/blockquote>\n\n\n\n<p>Wir freuen uns sehr \u00fcber die Auszeichnung und betrachten den Preis als Anerkennung f\u00fcr unseren stetigen Einsatz f\u00fcr bessere Radwege und mehr Sicherheit f\u00fcr kleine und auch gro\u00dfe Radfahrer*innen in Pforzheim. <\/p>\n\n\n\n<figure class=\"wp-block-image size-large\"><img loading=\"lazy\" width=\"1030\" height=\"1030\" src=\"https:\/\/www.fahrradstadt-pforzheim.de\/wp-content\/uploads\/2021\/11\/FFP_Sharepics_11213-1030x1030.jpg\" alt=\"\" class=\"wp-image-997\" srcset=\"https:\/\/www.fahrradstadt-pforzheim.de\/wp-content\/uploads\/2021\/11\/FFP_Sharepics_11213-1030x1030.jpg 1030w, https:\/\/www.fahrradstadt-pforzheim.de\/wp-content\/uploads\/2021\/11\/FFP_Sharepics_11213-300x300.jpg 300w, https:\/\/www.fahrradstadt-pforzheim.de\/wp-content\/uploads\/2021\/11\/FFP_Sharepics_11213-80x80.jpg 80w, https:\/\/www.fahrradstadt-pforzheim.de\/wp-content\/uploads\/2021\/11\/FFP_Sharepics_11213-768x768.jpg 768w, https:\/\/www.fahrradstadt-pforzheim.de\/wp-content\/uploads\/2021\/11\/FFP_Sharepics_11213-1536x1536.jpg 1536w, https:\/\/www.fahrradstadt-pforzheim.de\/wp-content\/uploads\/2021\/11\/FFP_Sharepics_11213-2048x2048.jpg 2048w, https:\/\/www.fahrradstadt-pforzheim.de\/wp-content\/uploads\/2021\/11\/FFP_Sharepics_11213-36x36.jpg 36w, https:\/\/www.fahrradstadt-pforzheim.de\/wp-content\/uploads\/2021\/11\/FFP_Sharepics_11213-180x180.jpg 180w, https:\/\/www.fahrradstadt-pforzheim.de\/wp-content\/uploads\/2021\/11\/FFP_Sharepics_11213-1500x1500.jpg 1500w, https:\/\/www.fahrradstadt-pforzheim.de\/wp-content\/uploads\/2021\/11\/FFP_Sharepics_11213-705x705.jpg 705w\" sizes=\"(max-width: 1030px) 100vw, 1030px\" \/><\/figure>\n\n\n\n<p>Der Familienfreundlichkeitspreis ist mit 2.000 Euro dotiert und gibt unserer rein ehrenamtlich getragenen Initiative nun wertvollen zus\u00e4tzlichen finanziellen Spielraum. Wir haben f\u00fcr die Verwendung des Preisgelds schon verschiedene Ideen und freuen uns darauf, uns in den n\u00e4chsten Monaten gemeinsam mit euch noch tatkr\u00e4ftiger f\u00fcr die Belange junger Radfahrer*innen engagieren zu k\u00f6nnen.<\/p>\n\n\n\n<blockquote class=\"wp-block-quote\"><p>Mit ihrem Einsatz f\u00fcr eine bessere Fahrrad-Infrastruktur in Pforzheim agieren sie im Sinne von Familien und vor allem Kindern.<\/p><cite>Carola Pigisch, Koordinierungsstelle Familienfreundliche Stadt, zur Verleihung des <a rel=\"noreferrer noopener\" href=\"https:\/\/www.familie-pforzheim.de\/familienfreundlichkeitspreis.html\" target=\"_blank\">&#8222;Familienfreundlichkeitspreis 2021&#8220;<\/a> an unsere <a rel=\"noreferrer noopener\" href=\"https:\/\/www.fahrradstadt-pforzheim.de\/#wersindwir\" target=\"_blank\">Initiative Critical Mass<\/a> f\u00fcr das Projekt <a rel=\"noreferrer noopener\" href=\"https:\/\/www.fahrradstadt-pforzheim.de\/index.php\/2021\/09\/09\/kidical-mass-18092021\/\" target=\"_blank\">Kidical Mass<\/a><\/cite><\/blockquote>\n\n\n\n<figure class=\"wp-block-image size-large\"><img loading=\"lazy\" width=\"1030\" height=\"1030\" src=\"https:\/\/www.fahrradstadt-pforzheim.de\/wp-content\/uploads\/2021\/11\/FFP_Sharepics_112111-1030x1030.jpg\" alt=\"\" class=\"wp-image-998\" srcset=\"https:\/\/www.fahrradstadt-pforzheim.de\/wp-content\/uploads\/2021\/11\/FFP_Sharepics_112111-1030x1030.jpg 1030w, https:\/\/www.fahrradstadt-pforzheim.de\/wp-content\/uploads\/2021\/11\/FFP_Sharepics_112111-300x300.jpg 300w, https:\/\/www.fahrradstadt-pforzheim.de\/wp-content\/uploads\/2021\/11\/FFP_Sharepics_112111-80x80.jpg 80w, https:\/\/www.fahrradstadt-pforzheim.de\/wp-content\/uploads\/2021\/11\/FFP_Sharepics_112111-768x768.jpg 768w, https:\/\/www.fahrradstadt-pforzheim.de\/wp-content\/uploads\/2021\/11\/FFP_Sharepics_112111-1536x1536.jpg 1536w, https:\/\/www.fahrradstadt-pforzheim.de\/wp-content\/uploads\/2021\/11\/FFP_Sharepics_112111-2048x2048.jpg 2048w, https:\/\/www.fahrradstadt-pforzheim.de\/wp-content\/uploads\/2021\/11\/FFP_Sharepics_112111-36x36.jpg 36w, https:\/\/www.fahrradstadt-pforzheim.de\/wp-content\/uploads\/2021\/11\/FFP_Sharepics_112111-180x180.jpg 180w, https:\/\/www.fahrradstadt-pforzheim.de\/wp-content\/uploads\/2021\/11\/FFP_Sharepics_112111-1500x1500.jpg 1500w, https:\/\/www.fahrradstadt-pforzheim.de\/wp-content\/uploads\/2021\/11\/FFP_Sharepics_112111-705x705.jpg 705w\" sizes=\"(max-width: 1030px) 100vw, 1030px\" \/><\/figure>\n","protected":false},"excerpt":{"rendered":"<p>Wir haben zusammen mit unseren Kooperationspartnern und allen treuen Aktionsteilnehmer*innen mit unserem Projekt Kidical Mass den &#8222;Familienfreundlichkeitspreis 2021&#8220; der Stadt Pforzheim eingefahren! Hier der Film, der unsere Aktion erkl\u00e4rt. Die Initiatoren haben es mit z\u00e4hem Engagement geschafft, mittlerweile zur Stimme der Fahrradfahrer und des Radverkehrs zu werden. Sie sind im politischen Raum etabliert und gut [&hellip;]<\/p>\n","protected":false},"author":4,"featured_media":995,"comment_status":"closed","ping_status":"open","sticky":false,"template":"","format":"standard","meta":[],"categories":[7,1,4],"tags":[70,66,56],"_links":{"self":[{"href":"https:\/\/www.fahrradstadt-pforzheim.de\/index.php\/wp-json\/wp\/v2\/posts\/999"}],"collection":[{"href":"https:\/\/www.fahrradstadt-pforzheim.de\/index.php\/wp-json\/wp\/v2\/posts"}],"about":[{"href":"https:\/\/www.fahrradstadt-pforzheim.de\/index.php\/wp-json\/wp\/v2\/types\/post"}],"author":[{"embeddable":true,"href":"https:\/\/www.fahrradstadt-pforzheim.de\/index.php\/wp-json\/wp\/v2\/users\/4"}],"replies":[{"embeddable":true,"href":"https:\/\/www.fahrradstadt-pforzheim.de\/index.php\/wp-json\/wp\/v2\/comments?post=999"}],"version-history":[{"count":20,"href":"https:\/\/www.fahrradstadt-pforzheim.de\/index.php\/wp-json\/wp\/v2\/posts\/999\/revisions"}],"predecessor-version":[{"id":1065,"href":"https:\/\/www.fahrradstadt-pforzheim.de\/index.php\/wp-json\/wp\/v2\/posts\/999\/revisions\/1065"}],"wp:featuredmedia":[{"embeddable":true,"href":"https:\/\/www.fahrradstadt-pforzheim.de\/index.php\/wp-json\/wp\/v2\/media\/995"}],"wp:attachment":[{"href":"https:\/\/www.fahrradstadt-pforzheim.de\/index.php\/wp-json\/wp\/v2\/media?parent=999"}],"wp:term":[{"taxonomy":"category","embeddable":true,"href":"https:\/\/www.fahrradstadt-pforzheim.de\/index.php\/wp-json\/wp\/v2\/categories?post=999"},{"taxonomy":"post_tag","embeddable":true,"href":"https:\/\/www.fahrradstadt-pforzheim.de\/index.php\/wp-json\/wp\/v2\/tags?post=999"}],"curies":[{"name":"wp","href":"https:\/\/api.w.org\/{rel}","templated":true}]}}